{"id":2096,"date":"2022-03-04T07:25:11","date_gmt":"2022-03-04T07:25:11","guid":{"rendered":"https:\/\/palmaescolesinfants.cat\/?p=2096"},"modified":"2022-10-17T08:58:06","modified_gmt":"2022-10-17T08:58:06","slug":"lajuntament-aprova-el-projecte-de-reforma-de-la-nova-escola-dinfants-del-districte-nord","status":"publish","type":"post","link":"https:\/\/palmaescolesinfants.cat\/es\/actualitat\/lajuntament-aprova-el-projecte-de-reforma-de-la-nova-escola-dinfants-del-districte-nord\/","title":{"rendered":"L&#8217;Ajuntament aprova el projecte de reforma de la nova escola d\u2019infants del Districte Nord"},"content":{"rendered":"<p><img fetchpriority=\"high\" decoding=\"async\" class=\"size-full wp-image-2098 aligncenter\" src=\"https:\/\/palmaescolesinfants.cat\/wp-content\/uploads\/2022\/03\/NOTICIA-NOVA-ESCOLA-D_INFANTS-DISTRICTE-NORD_IMATGE.jpg\" alt=\"\" width=\"873\" height=\"525\" srcset=\"https:\/\/palmaescolesinfants.cat\/wp-content\/uploads\/2022\/03\/NOTICIA-NOVA-ESCOLA-D_INFANTS-DISTRICTE-NORD_IMATGE.jpg 873w, https:\/\/palmaescolesinfants.cat\/wp-content\/uploads\/2022\/03\/NOTICIA-NOVA-ESCOLA-D_INFANTS-DISTRICTE-NORD_IMATGE-300x180.jpg 300w, https:\/\/palmaescolesinfants.cat\/wp-content\/uploads\/2022\/03\/NOTICIA-NOVA-ESCOLA-D_INFANTS-DISTRICTE-NORD_IMATGE-768x462.jpg 768w\" sizes=\"(max-width: 873px) 100vw, 873px\" \/><\/p>\n<p>El projecte rebr\u00e0 fons europeus Next Generation a trav\u00e9s del Pla estatal de recuperaci\u00f3, transformaci\u00f3 i resili\u00e8ncia i la Conselleria d&#8217;Educaci\u00f3 i Formaci\u00f3 Professional<\/p>\n<p>Carri\u00f3: \u00abEl projecte s&#8217;ha fet de manera compartida amb la comunitat educativa i tenint en compte el projecte pedag\u00f2gic del Patronat Municipal d&#8217;Escoles d&#8217;Infants\u00bb<\/p>\n<p>Palma, 4 de mar\u00e7 de 2022.- L&#8217;\u00c0rea d&#8217;Educaci\u00f3 i Pol\u00edtica Ling\u00fc\u00edstica de l&#8217;Ajuntament de Palma ha presentat aquest divendres 4 de mar\u00e7 el projecte de reforma de la nova escoleta del Districte Nord, el qual rebr\u00e0 fons europeus Next Generation mitjan\u00e7ant les subvencions de la Conselleria d&#8217;Educaci\u00f3 emmarcades en el Pla estatal de recuperaci\u00f3, transformaci\u00f3 i resili\u00e8ncia.<\/p>\n<p>El local que es reformar\u00e0, situat al carrer de la Reina Maria Cristina 72-74, ocupa dues plantes baixes d&#8217;edificis que varen ser constru\u00efts els anys 1920 i 1932. El 1996 es va reformar precisament per a ser una escoleta d&#8217;infants i va funcionar fins al 2019.<\/p>\n<p>Despr\u00e9s d&#8217;un any i mig tancada, el Patronat Municipal d&#8217;Escoles d&#8217;Infants va llogar el local per a obrir-hi una escola infantil p\u00fablica. Com que es troba en una zona d&#8217;una densitat de poblaci\u00f3 molt gran i amb poca disponibilitat d&#8217;espais adequats per a acollir una escola de primer cicle d&#8217;Educaci\u00f3 Infantil, un dels objectius ser\u00e0 aconseguir el m\u00e0xim rendiment d&#8217;aquest local donant compliment a la normativa. D&#8217;aquesta manera, el nou centre disposar\u00e0 de quatre unitats<\/p>\n<p>El projecte preveu ampliar la superf\u00edcie constru\u00efda de 319,62 metres quadrats a 343,88 metres quadrats. A m\u00e9s de les aules, hi haur\u00e0 una zona de vest\u00edbul, una aula polivalent, sales de direcci\u00f3 i de professorat, banys per al personal i una cuina. A un annex exterior hi haur\u00e0 el magatzem, la bugaderia i banys per a \u00fas p\u00fablic i per als infants durant el pati.<\/p>\n<p>La intervenci\u00f3 reformar\u00e0 la planta baixa dels edificis originals, demolir\u00e0 una ampliaci\u00f3 que es va fer els anys 2002 i 2006 i ampliar\u00e0 fins al l\u00edmit perm\u00e8s la profunditat edificable. El projecte proposa que l&#8217;acc\u00e9s principal del centre s&#8217;ubiqui al carrer de Pons i Gallarza, amb la finalitat que l&#8217;entrada a l&#8217;escola es faci a trav\u00e9s d&#8217;un espai obert i cobert. El pressupost de licitaci\u00f3 \u00e9s de 445.971,33 euros i el termini d&#8217;execuci\u00f3 \u00e9s de vuit mesos. La previsi\u00f3 de l&#8217;\u00c0rea \u00e9s que els treballs comencin el darrer trimestre de 2022.<\/p>\n<p>\u00ab\u00c9s una de les zones de Palma amb m\u00e9s necessitat d&#8217;una escoleta\u00bb, ha destacat Carri\u00f3, qui ha recordat que la de Can Alonso, al carrer de l&#8217;Arxiduc Llu\u00eds Salvador, \u00e9s \u00abla que t\u00e9 la llista d&#8217;espera m\u00e9s llarga\u00bb. El regidor tamb\u00e9 ha assenyalat que el projecte de la nova escoleta \u00abs&#8217;ha fet de manera compartida amb la comunitat educativa i tenint en compte el projecte pedag\u00f2gic del Patronat Municipal d&#8217;Escoles d&#8217;Infants\u00bb. A m\u00e9s, Carri\u00f3 ha recordat que aquest projecte s&#8217;emmarca en el pla de creaci\u00f3 de places, amb 294 places noves fins al curs2024-25.<\/p>\n<p>Per la seva part, la gerent del Patronat, Francisca Niell, ha explicat que la nova escoleta garantir\u00e0 la ventilaci\u00f3 de les aules i que l&#8217;espai del pati tindr\u00e0 un m\u00ednim de 100 metres quadrats, amb serveis complementaris. \u00abEstam molt satisfets de com s&#8217;ha treballat\u00bb, ha subratllat.<\/p>\n<p>L&#8217;arquitecte responsable del projecte, Erik Herrera, ha detallat que \u00abaprofitar al m\u00e0xim l&#8217;edificabilitat del projecte ha estat clau\u00bb. \u00abMalgrat respectar l&#8217;estructura original, donam la volta per a convertir el pati en un altre espai docent, en una aula exterior\u00bb.<\/p>\n","protected":false},"excerpt":{"rendered":"<p>El projecte rebr\u00e0 fons europeus Next Generation a trav\u00e9s del Pla estatal de recuperaci\u00f3, transformaci\u00f3 i resili\u00e8ncia i la Conselleria d&#8217;Educaci\u00f3 i Formaci\u00f3 Professional Carri\u00f3: \u00abEl projecte s&#8217;ha fet de manera compartida amb la comunitat educativa i tenint en compte el projecte pedag\u00f2gic del Patronat Municipal d&#8217;Escoles d&#8217;Infants\u00bb Palma, 4 de mar\u00e7 de 2022.- L&#8217;\u00c0rea [&hellip;]<\/p>\n","protected":false},"author":1,"featured_media":2098,"comment_status":"closed","ping_status":"closed","sticky":false,"template":"","format":"standard","meta":{"inline_featured_image":false,"footnotes":""},"categories":[20],"tags":[],"class_list":["post-2096","post","type-post","status-publish","format-standard","has-post-thumbnail","hentry","category-actualitat"],"yoast_head":"<!-- This site is optimized with the Yoast SEO plugin v24.5 - https:\/\/yoast.com\/wordpress\/plugins\/seo\/ -->\n<title>L&#039;Ajuntament aprova el projecte de reforma de la nova escola d\u2019infants del Districte Nord - Patronat Municipal d&#039;Escoles d&#039;Infants de l&#039;Ajuntament de Palma<\/title>\n<meta name=\"robots\" content=\"index, follow, max-snippet:-1, max-image-preview:large, max-video-preview:-1\" \/>\n<link rel=\"canonical\" href=\"https:\/\/palmaescolesinfants.cat\/actualitat\/lajuntament-aprova-el-projecte-de-reforma-de-la-nova-escola-dinfants-del-districte-nord\/\" \/>\n<meta property=\"og:locale\" content=\"es_ES\" \/>\n<meta property=\"og:type\" content=\"article\" \/>\n<meta property=\"og:title\" content=\"L&#039;Ajuntament aprova el projecte de reforma de la nova escola d\u2019infants del Districte Nord - Patronat Municipal d&#039;Escoles d&#039;Infants de l&#039;Ajuntament de Palma\" \/>\n<meta property=\"og:description\" content=\"El projecte rebr\u00e0 fons europeus Next Generation a trav\u00e9s del Pla estatal de recuperaci\u00f3, transformaci\u00f3 i resili\u00e8ncia i la Conselleria d&#8217;Educaci\u00f3 i Formaci\u00f3 Professional Carri\u00f3: \u00abEl projecte s&#8217;ha fet de manera compartida amb la comunitat educativa i tenint en compte el projecte pedag\u00f2gic del Patronat Municipal d&#8217;Escoles d&#8217;Infants\u00bb Palma, 4 de mar\u00e7 de 2022.- L&#8217;\u00c0rea [&hellip;]\" \/>\n<meta property=\"og:url\" content=\"https:\/\/palmaescolesinfants.cat\/actualitat\/lajuntament-aprova-el-projecte-de-reforma-de-la-nova-escola-dinfants-del-districte-nord\/\" \/>\n<meta property=\"og:site_name\" content=\"Patronat Municipal d&#039;Escoles d&#039;Infants de l&#039;Ajuntament de Palma\" \/>\n<meta property=\"article:published_time\" content=\"2022-03-04T07:25:11+00:00\" \/>\n<meta property=\"article:modified_time\" content=\"2022-10-17T08:58:06+00:00\" \/>\n<meta property=\"og:image\" content=\"https:\/\/palmaescolesinfants.cat\/wp-content\/uploads\/2022\/03\/NOTICIA-NOVA-ESCOLA-D_INFANTS-DISTRICTE-NORD_IMATGE.jpg\" \/>\n\t<meta property=\"og:image:width\" content=\"873\" \/>\n\t<meta property=\"og:image:height\" content=\"525\" \/>\n\t<meta property=\"og:image:type\" content=\"image\/jpeg\" \/>\n<meta name=\"author\" content=\"adminsom2\" \/>\n<meta name=\"twitter:card\" content=\"summary_large_image\" \/>\n<meta name=\"twitter:label1\" content=\"Escrito por\" \/>\n\t<meta name=\"twitter:data1\" content=\"adminsom2\" \/>\n\t<meta name=\"twitter:label2\" content=\"Tiempo de lectura\" \/>\n\t<meta name=\"twitter:data2\" content=\"3 minutos\" \/>\n<script type=\"application\/ld+json\" class=\"yoast-schema-graph\">{\"@context\":\"https:\/\/schema.org\",\"@graph\":[{\"@type\":\"WebPage\",\"@id\":\"https:\/\/palmaescolesinfants.cat\/actualitat\/lajuntament-aprova-el-projecte-de-reforma-de-la-nova-escola-dinfants-del-districte-nord\/\",\"url\":\"https:\/\/palmaescolesinfants.cat\/actualitat\/lajuntament-aprova-el-projecte-de-reforma-de-la-nova-escola-dinfants-del-districte-nord\/\",\"name\":\"L'Ajuntament aprova el projecte de reforma de la nova escola d\u2019infants del Districte Nord - Patronat Municipal d&#039;Escoles d&#039;Infants de l&#039;Ajuntament de Palma\",\"isPartOf\":{\"@id\":\"https:\/\/palmaescolesinfants.cat\/#website\"},\"primaryImageOfPage\":{\"@id\":\"https:\/\/palmaescolesinfants.cat\/actualitat\/lajuntament-aprova-el-projecte-de-reforma-de-la-nova-escola-dinfants-del-districte-nord\/#primaryimage\"},\"image\":{\"@id\":\"https:\/\/palmaescolesinfants.cat\/actualitat\/lajuntament-aprova-el-projecte-de-reforma-de-la-nova-escola-dinfants-del-districte-nord\/#primaryimage\"},\"thumbnailUrl\":\"https:\/\/palmaescolesinfants.cat\/wp-content\/uploads\/2022\/03\/NOTICIA-NOVA-ESCOLA-D_INFANTS-DISTRICTE-NORD_IMATGE.jpg\",\"datePublished\":\"2022-03-04T07:25:11+00:00\",\"dateModified\":\"2022-10-17T08:58:06+00:00\",\"author\":{\"@id\":\"https:\/\/palmaescolesinfants.cat\/#\/schema\/person\/b7d3d394e6927fb89c8803ad82bba416\"},\"breadcrumb\":{\"@id\":\"https:\/\/palmaescolesinfants.cat\/actualitat\/lajuntament-aprova-el-projecte-de-reforma-de-la-nova-escola-dinfants-del-districte-nord\/#breadcrumb\"},\"inLanguage\":\"es\",\"potentialAction\":[{\"@type\":\"ReadAction\",\"target\":[\"https:\/\/palmaescolesinfants.cat\/actualitat\/lajuntament-aprova-el-projecte-de-reforma-de-la-nova-escola-dinfants-del-districte-nord\/\"]}]},{\"@type\":\"ImageObject\",\"inLanguage\":\"es\",\"@id\":\"https:\/\/palmaescolesinfants.cat\/actualitat\/lajuntament-aprova-el-projecte-de-reforma-de-la-nova-escola-dinfants-del-districte-nord\/#primaryimage\",\"url\":\"https:\/\/palmaescolesinfants.cat\/wp-content\/uploads\/2022\/03\/NOTICIA-NOVA-ESCOLA-D_INFANTS-DISTRICTE-NORD_IMATGE.jpg\",\"contentUrl\":\"https:\/\/palmaescolesinfants.cat\/wp-content\/uploads\/2022\/03\/NOTICIA-NOVA-ESCOLA-D_INFANTS-DISTRICTE-NORD_IMATGE.jpg\",\"width\":873,\"height\":525},{\"@type\":\"BreadcrumbList\",\"@id\":\"https:\/\/palmaescolesinfants.cat\/actualitat\/lajuntament-aprova-el-projecte-de-reforma-de-la-nova-escola-dinfants-del-districte-nord\/#breadcrumb\",\"itemListElement\":[{\"@type\":\"ListItem\",\"position\":1,\"name\":\"Portada\",\"item\":\"https:\/\/palmaescolesinfants.cat\/\"},{\"@type\":\"ListItem\",\"position\":2,\"name\":\"L&#8217;Ajuntament aprova el projecte de reforma de la nova escola d\u2019infants del Districte Nord\"}]},{\"@type\":\"WebSite\",\"@id\":\"https:\/\/palmaescolesinfants.cat\/#website\",\"url\":\"https:\/\/palmaescolesinfants.cat\/\",\"name\":\"Patronat Municipal d&#039;Escoles d&#039;Infants de l&#039;Ajuntament de Palma\",\"description\":\"L&#039;educaci\u00f3 dels infants \u00e9s el nostre principal objectiu\",\"potentialAction\":[{\"@type\":\"SearchAction\",\"target\":{\"@type\":\"EntryPoint\",\"urlTemplate\":\"https:\/\/palmaescolesinfants.cat\/?s={search_term_string}\"},\"query-input\":{\"@type\":\"PropertyValueSpecification\",\"valueRequired\":true,\"valueName\":\"search_term_string\"}}],\"inLanguage\":\"es\"},{\"@type\":\"Person\",\"@id\":\"https:\/\/palmaescolesinfants.cat\/#\/schema\/person\/b7d3d394e6927fb89c8803ad82bba416\",\"name\":\"adminsom2\",\"sameAs\":[\"https:\/\/palmaescolesinfants.cat\"]}]}<\/script>\n<!-- \/ Yoast SEO plugin. -->","yoast_head_json":{"title":"L'Ajuntament aprova el projecte de reforma de la nova escola d\u2019infants del Districte Nord - Patronat Municipal d&#039;Escoles d&#039;Infants de l&#039;Ajuntament de Palma","robots":{"index":"index","follow":"follow","max-snippet":"max-snippet:-1","max-image-preview":"max-image-preview:large","max-video-preview":"max-video-preview:-1"},"canonical":"https:\/\/palmaescolesinfants.cat\/actualitat\/lajuntament-aprova-el-projecte-de-reforma-de-la-nova-escola-dinfants-del-districte-nord\/","og_locale":"es_ES","og_type":"article","og_title":"L'Ajuntament aprova el projecte de reforma de la nova escola d\u2019infants del Districte Nord - Patronat Municipal d&#039;Escoles d&#039;Infants de l&#039;Ajuntament de Palma","og_description":"El projecte rebr\u00e0 fons europeus Next Generation a trav\u00e9s del Pla estatal de recuperaci\u00f3, transformaci\u00f3 i resili\u00e8ncia i la Conselleria d&#8217;Educaci\u00f3 i Formaci\u00f3 Professional Carri\u00f3: \u00abEl projecte s&#8217;ha fet de manera compartida amb la comunitat educativa i tenint en compte el projecte pedag\u00f2gic del Patronat Municipal d&#8217;Escoles d&#8217;Infants\u00bb Palma, 4 de mar\u00e7 de 2022.- L&#8217;\u00c0rea [&hellip;]","og_url":"https:\/\/palmaescolesinfants.cat\/actualitat\/lajuntament-aprova-el-projecte-de-reforma-de-la-nova-escola-dinfants-del-districte-nord\/","og_site_name":"Patronat Municipal d&#039;Escoles d&#039;Infants de l&#039;Ajuntament de Palma","article_published_time":"2022-03-04T07:25:11+00:00","article_modified_time":"2022-10-17T08:58:06+00:00","og_image":[{"width":873,"height":525,"url":"https:\/\/palmaescolesinfants.cat\/wp-content\/uploads\/2022\/03\/NOTICIA-NOVA-ESCOLA-D_INFANTS-DISTRICTE-NORD_IMATGE.jpg","type":"image\/jpeg"}],"author":"adminsom2","twitter_card":"summary_large_image","twitter_misc":{"Escrito por":"adminsom2","Tiempo de lectura":"3 minutos"},"schema":{"@context":"https:\/\/schema.org","@graph":[{"@type":"WebPage","@id":"https:\/\/palmaescolesinfants.cat\/actualitat\/lajuntament-aprova-el-projecte-de-reforma-de-la-nova-escola-dinfants-del-districte-nord\/","url":"https:\/\/palmaescolesinfants.cat\/actualitat\/lajuntament-aprova-el-projecte-de-reforma-de-la-nova-escola-dinfants-del-districte-nord\/","name":"L'Ajuntament aprova el projecte de reforma de la nova escola d\u2019infants del Districte Nord - Patronat Municipal d&#039;Escoles d&#039;Infants de l&#039;Ajuntament de Palma","isPartOf":{"@id":"https:\/\/palmaescolesinfants.cat\/#website"},"primaryImageOfPage":{"@id":"https:\/\/palmaescolesinfants.cat\/actualitat\/lajuntament-aprova-el-projecte-de-reforma-de-la-nova-escola-dinfants-del-districte-nord\/#primaryimage"},"image":{"@id":"https:\/\/palmaescolesinfants.cat\/actualitat\/lajuntament-aprova-el-projecte-de-reforma-de-la-nova-escola-dinfants-del-districte-nord\/#primaryimage"},"thumbnailUrl":"https:\/\/palmaescolesinfants.cat\/wp-content\/uploads\/2022\/03\/NOTICIA-NOVA-ESCOLA-D_INFANTS-DISTRICTE-NORD_IMATGE.jpg","datePublished":"2022-03-04T07:25:11+00:00","dateModified":"2022-10-17T08:58:06+00:00","author":{"@id":"https:\/\/palmaescolesinfants.cat\/#\/schema\/person\/b7d3d394e6927fb89c8803ad82bba416"},"breadcrumb":{"@id":"https:\/\/palmaescolesinfants.cat\/actualitat\/lajuntament-aprova-el-projecte-de-reforma-de-la-nova-escola-dinfants-del-districte-nord\/#breadcrumb"},"inLanguage":"es","potentialAction":[{"@type":"ReadAction","target":["https:\/\/palmaescolesinfants.cat\/actualitat\/lajuntament-aprova-el-projecte-de-reforma-de-la-nova-escola-dinfants-del-districte-nord\/"]}]},{"@type":"ImageObject","inLanguage":"es","@id":"https:\/\/palmaescolesinfants.cat\/actualitat\/lajuntament-aprova-el-projecte-de-reforma-de-la-nova-escola-dinfants-del-districte-nord\/#primaryimage","url":"https:\/\/palmaescolesinfants.cat\/wp-content\/uploads\/2022\/03\/NOTICIA-NOVA-ESCOLA-D_INFANTS-DISTRICTE-NORD_IMATGE.jpg","contentUrl":"https:\/\/palmaescolesinfants.cat\/wp-content\/uploads\/2022\/03\/NOTICIA-NOVA-ESCOLA-D_INFANTS-DISTRICTE-NORD_IMATGE.jpg","width":873,"height":525},{"@type":"BreadcrumbList","@id":"https:\/\/palmaescolesinfants.cat\/actualitat\/lajuntament-aprova-el-projecte-de-reforma-de-la-nova-escola-dinfants-del-districte-nord\/#breadcrumb","itemListElement":[{"@type":"ListItem","position":1,"name":"Portada","item":"https:\/\/palmaescolesinfants.cat\/"},{"@type":"ListItem","position":2,"name":"L&#8217;Ajuntament aprova el projecte de reforma de la nova escola d\u2019infants del Districte Nord"}]},{"@type":"WebSite","@id":"https:\/\/palmaescolesinfants.cat\/#website","url":"https:\/\/palmaescolesinfants.cat\/","name":"Patronat Municipal d&#039;Escoles d&#039;Infants de l&#039;Ajuntament de Palma","description":"L&#039;educaci\u00f3 dels infants \u00e9s el nostre principal objectiu","potentialAction":[{"@type":"SearchAction","target":{"@type":"EntryPoint","urlTemplate":"https:\/\/palmaescolesinfants.cat\/?s={search_term_string}"},"query-input":{"@type":"PropertyValueSpecification","valueRequired":true,"valueName":"search_term_string"}}],"inLanguage":"es"},{"@type":"Person","@id":"https:\/\/palmaescolesinfants.cat\/#\/schema\/person\/b7d3d394e6927fb89c8803ad82bba416","name":"adminsom2","sameAs":["https:\/\/palmaescolesinfants.cat"]}]}},"_links":{"self":[{"href":"https:\/\/palmaescolesinfants.cat\/es\/wp-json\/wp\/v2\/posts\/2096","targetHints":{"allow":["GET"]}}],"collection":[{"href":"https:\/\/palmaescolesinfants.cat\/es\/wp-json\/wp\/v2\/posts"}],"about":[{"href":"https:\/\/palmaescolesinfants.cat\/es\/wp-json\/wp\/v2\/types\/post"}],"author":[{"embeddable":true,"href":"https:\/\/palmaescolesinfants.cat\/es\/wp-json\/wp\/v2\/users\/1"}],"replies":[{"embeddable":true,"href":"https:\/\/palmaescolesinfants.cat\/es\/wp-json\/wp\/v2\/comments?post=2096"}],"version-history":[{"count":3,"href":"https:\/\/palmaescolesinfants.cat\/es\/wp-json\/wp\/v2\/posts\/2096\/revisions"}],"predecessor-version":[{"id":2106,"href":"https:\/\/palmaescolesinfants.cat\/es\/wp-json\/wp\/v2\/posts\/2096\/revisions\/2106"}],"wp:featuredmedia":[{"embeddable":true,"href":"https:\/\/palmaescolesinfants.cat\/es\/wp-json\/wp\/v2\/media\/2098"}],"wp:attachment":[{"href":"https:\/\/palmaescolesinfants.cat\/es\/wp-json\/wp\/v2\/media?parent=2096"}],"wp:term":[{"taxonomy":"category","embeddable":true,"href":"https:\/\/palmaescolesinfants.cat\/es\/wp-json\/wp\/v2\/categories?post=2096"},{"taxonomy":"post_tag","embeddable":true,"href":"https:\/\/palmaescolesinfants.cat\/es\/wp-json\/wp\/v2\/tags?post=2096"}],"curies":[{"name":"wp","href":"https:\/\/api.w.org\/{rel}","templated":true}]}}