{"id":2554,"date":"2022-04-12T11:18:31","date_gmt":"2022-04-12T11:18:31","guid":{"rendered":"https:\/\/palmaescolesinfants.cat\/?p=2554"},"modified":"2022-10-17T08:58:01","modified_gmt":"2022-10-17T08:58:01","slug":"vine-a-cort-a-descobrir-i-construir-la-citta-infinita","status":"publish","type":"post","link":"https:\/\/palmaescolesinfants.cat\/es\/actualitat\/vine-a-cort-a-descobrir-i-construir-la-citta-infinita\/","title":{"rendered":"Vine a Cort a descobrir i construir la citt\u00e0 infinita"},"content":{"rendered":"<p>Aprofitant les vacances escolars de P\u00e0squa, <strong>els dies 22 i 23 d\u2019abril, <em>La citt\u00e0 infinita arribar\u00e0 <\/em>a Palma<\/strong>. <strong>Cort obrir\u00e0 les seves portes als\u00a0 tallers art\u00edstics i constructius destinats a fam\u00edlies amb infants <\/strong>(Dia 22 Prohibit no tocar! Per infants de 0 a 3 anys i Dia 23 <em>La citt\u00e1 infinita<\/em> per infants a partir de 4 anys).<\/p>\n<p>L\u2019activitat, organitzada pel Patronat Municipal d\u2019Escoles d\u2019Infants de Palma, ser\u00e0 gratu\u00efta, PER PODER-HI PARTICIPAR NOM\u00c9S CALDR\u00c0 FER LA RESERVA A TRAV\u00c9S DE L\u2019ENLLA\u00c7 CORRESPONENT.<\/p>\n<p>\u201c<em>Cada citt\u00e0 infinita tiene su propia identidad y dialoga con el lugar donde se realiza y con las personas con las cuales interacciona. Su est\u00e9tica est\u00e1 en trasformaci\u00f3n continua, adapt\u00e1ndose a los entornos en los que vive y se expresa<\/em>\u201d.<\/p>\n<p><strong>Amb aquesta performance de joc constructiu-cooperatiu, el Patronat Municipal d\u2019Escoles d\u2019Infants de Palma pret\u00e9n visibilitzar el dret al joc dels habitants m\u00e9s petits de la ciutat.<\/strong><\/p>\n<p><a href=\"https:\/\/ticketib.com\/events\/patronat-municipal-d-escoles-d-infanta-la-citta-infinita-prohibit-no-tocar-palma-22-d-abril\" target=\"_blank\" rel=\"noopener\"><img fetchpriority=\"high\" decoding=\"async\" class=\"wp-image-2558 size-full aligncenter\" src=\"https:\/\/palmaescolesinfants.cat\/wp-content\/uploads\/2022\/04\/1.jpg\" alt=\"\" width=\"2245\" height=\"1587\" srcset=\"https:\/\/palmaescolesinfants.cat\/wp-content\/uploads\/2022\/04\/1.jpg 2245w, https:\/\/palmaescolesinfants.cat\/wp-content\/uploads\/2022\/04\/1-300x212.jpg 300w, https:\/\/palmaescolesinfants.cat\/wp-content\/uploads\/2022\/04\/1-1024x724.jpg 1024w, https:\/\/palmaescolesinfants.cat\/wp-content\/uploads\/2022\/04\/1-768x543.jpg 768w, https:\/\/palmaescolesinfants.cat\/wp-content\/uploads\/2022\/04\/1-1536x1086.jpg 1536w, https:\/\/palmaescolesinfants.cat\/wp-content\/uploads\/2022\/04\/1-2048x1448.jpg 2048w\" sizes=\"(max-width: 2245px) 100vw, 2245px\" \/><\/a><\/p>\n<p><strong>Dia 22, amb l\u2019activitat <em>Prohibit no tocar! <\/em>la citt\u00e0 infinita es converteix en un espai de joc sensorial obert als m\u00e9s petits<\/strong> <strong>i les seves fam\u00edlies<\/strong>: les peces de fusta de <em>La citt\u00e0 infinita<\/em> en aquesta ocasi\u00f3 no sols serveixen pel joc constructiu, tamb\u00e9 es transformen en materiales sensorials per a tocar, escoltar, ensumar, per descobrir amb tots els sentits. Tamb\u00e9 es podran trobar peces magn\u00e8tiques, amb velcro i altres objectes curiosos i originals creats a partir de materials simples i sostenibles, que covnidaran a l\u2019exploraci\u00f3 i al joc dels infants. Podran participar del <em>Prohibit no tocar! <\/em>els <strong>Infants de 0 a 3 anys (nascuts de 2019 a 2022) amb 1 o 2 familiars acompanyants adults<\/strong>. Al llarg del dia es faran 4 sessions, fes la teva reserva.<\/p>\n<p>&nbsp;<\/p>\n<p><a href=\"https:\/\/ticketib.com\/events\/patronat-municipal-d-escoles-d-infanta-la-citta-infinita-palma-23-d-abril\" target=\"_blank\" rel=\"noopener\"><img decoding=\"async\" class=\"wp-image-2560 size-full aligncenter\" src=\"https:\/\/palmaescolesinfants.cat\/wp-content\/uploads\/2022\/04\/dia23.jpg\" alt=\"\" width=\"1400\" height=\"990\" srcset=\"https:\/\/palmaescolesinfants.cat\/wp-content\/uploads\/2022\/04\/dia23.jpg 1400w, https:\/\/palmaescolesinfants.cat\/wp-content\/uploads\/2022\/04\/dia23-300x212.jpg 300w, https:\/\/palmaescolesinfants.cat\/wp-content\/uploads\/2022\/04\/dia23-1024x724.jpg 1024w, https:\/\/palmaescolesinfants.cat\/wp-content\/uploads\/2022\/04\/dia23-768x543.jpg 768w\" sizes=\"(max-width: 1400px) 100vw, 1400px\" \/><\/a><\/p>\n<p><strong>Dia 23, amb <em>La citt\u00e0 infinita<\/em> els infants d\u2019entre 4 i 6 anys i les seves fam\u00edlies podran participar d\u2019una performance de joc constructiu-cooperatiu<\/strong> a partir de la utilitzaci\u00f3 de residus industrials per crear i recrear espais urbans. Amb aquestes peces de joc i la creativitat dels infants, \u00e9s possible dissenyar de tot: les seves cases, grans obres p\u00fabliques i sobretot carreteres que connecten als participants, permetent la trobada i l&#8217;intercanvi d&#8217;idees entre tots, donant vida a un joc potencialment infinit. Podran participar de <em>La citt\u00e0 infinita <\/em>els <strong>Infants de 4 a 6 anys (nascuts de 2016 a 2018)<\/strong> <strong>amb\u00a0 1 o 2 familiars acompanyants adults i 1 familiar acompanyant d\u2019entre 7 a 14 anys. <\/strong>Al llarg del dia es faran 4 sessions, fes la teva reserva.<\/p>\n<p>&nbsp;<\/p>\n<div style=\"width: 100%; text-align: center;\"><img decoding=\"async\" class=\"aligncenter size-full wp-image-2562\" style=\"display: inline;\" src=\"https:\/\/palmaescolesinfants.cat\/wp-content\/uploads\/2022\/04\/logo_notocar.jpg\" alt=\"\" width=\"200\" height=\"200\" srcset=\"https:\/\/palmaescolesinfants.cat\/wp-content\/uploads\/2022\/04\/logo_notocar.jpg 200w, https:\/\/palmaescolesinfants.cat\/wp-content\/uploads\/2022\/04\/logo_notocar-150x150.jpg 150w\" sizes=\"(max-width: 200px) 100vw, 200px\" \/><a href=\"http:\/\/www.lacittainfinita.com\/\" target=\"_blank\" rel=\"noopener\"><img loading=\"lazy\" decoding=\"async\" class=\"aligncenter wp-image-2564 size-full\" style=\"display: inline;\" src=\"https:\/\/palmaescolesinfants.cat\/wp-content\/uploads\/2022\/04\/logo_citta_infinita.jpg\" alt=\"\" width=\"200\" height=\"200\" srcset=\"https:\/\/palmaescolesinfants.cat\/wp-content\/uploads\/2022\/04\/logo_citta_infinita.jpg 200w, https:\/\/palmaescolesinfants.cat\/wp-content\/uploads\/2022\/04\/logo_citta_infinita-150x150.jpg 150w\" sizes=\"(max-width: 200px) 100vw, 200px\" \/><\/a><\/div>\n","protected":false},"excerpt":{"rendered":"<p>Aprofitant les vacances escolars de P\u00e0squa, els dies 22 i 23 d\u2019abril, La citt\u00e0 infinita arribar\u00e0 a Palma. Cort obrir\u00e0 les seves portes als\u00a0 tallers art\u00edstics i constructius destinats a fam\u00edlies amb infants (Dia 22 Prohibit no tocar! Per infants de 0 a 3 anys i Dia 23 La citt\u00e1 infinita per infants a partir [&hellip;]<\/p>\n","protected":false},"author":1,"featured_media":2556,"comment_status":"closed","ping_status":"closed","sticky":false,"template":"","format":"standard","meta":{"inline_featured_image":false,"footnotes":""},"categories":[20],"tags":[],"class_list":["post-2554","post","type-post","status-publish","format-standard","has-post-thumbnail","hentry","category-actualitat"],"yoast_head":"<!-- This site is optimized with the Yoast SEO plugin v24.5 - https:\/\/yoast.com\/wordpress\/plugins\/seo\/ -->\n<title>Vine a Cort a descobrir i construir la citt\u00e0 infinita - Patronat Municipal d&#039;Escoles d&#039;Infants de l&#039;Ajuntament de Palma<\/title>\n<meta name=\"robots\" content=\"index, follow, max-snippet:-1, max-image-preview:large, max-video-preview:-1\" \/>\n<link rel=\"canonical\" href=\"https:\/\/palmaescolesinfants.cat\/actualitat\/vine-a-cort-a-descobrir-i-construir-la-citta-infinita\/\" \/>\n<meta property=\"og:locale\" content=\"es_ES\" \/>\n<meta property=\"og:type\" content=\"article\" \/>\n<meta property=\"og:title\" content=\"Vine a Cort a descobrir i construir la citt\u00e0 infinita - Patronat Municipal d&#039;Escoles d&#039;Infants de l&#039;Ajuntament de Palma\" \/>\n<meta property=\"og:description\" content=\"Aprofitant les vacances escolars de P\u00e0squa, els dies 22 i 23 d\u2019abril, La citt\u00e0 infinita arribar\u00e0 a Palma. Cort obrir\u00e0 les seves portes als\u00a0 tallers art\u00edstics i constructius destinats a fam\u00edlies amb infants (Dia 22 Prohibit no tocar! Per infants de 0 a 3 anys i Dia 23 La citt\u00e1 infinita per infants a partir [&hellip;]\" \/>\n<meta property=\"og:url\" content=\"https:\/\/palmaescolesinfants.cat\/actualitat\/vine-a-cort-a-descobrir-i-construir-la-citta-infinita\/\" \/>\n<meta property=\"og:site_name\" content=\"Patronat Municipal d&#039;Escoles d&#039;Infants de l&#039;Ajuntament de Palma\" \/>\n<meta property=\"article:published_time\" content=\"2022-04-12T11:18:31+00:00\" \/>\n<meta property=\"article:modified_time\" content=\"2022-10-17T08:58:01+00:00\" \/>\n<meta property=\"og:image\" content=\"https:\/\/palmaescolesinfants.cat\/wp-content\/uploads\/2022\/04\/cittainfinita.jpg\" \/>\n\t<meta property=\"og:image:width\" content=\"1400\" \/>\n\t<meta property=\"og:image:height\" content=\"928\" \/>\n\t<meta property=\"og:image:type\" content=\"image\/jpeg\" \/>\n<meta name=\"author\" content=\"adminsom2\" \/>\n<meta name=\"twitter:card\" content=\"summary_large_image\" \/>\n<meta name=\"twitter:label1\" content=\"Escrito por\" \/>\n\t<meta name=\"twitter:data1\" content=\"adminsom2\" \/>\n\t<meta name=\"twitter:label2\" content=\"Tiempo de lectura\" \/>\n\t<meta name=\"twitter:data2\" content=\"2 minutos\" \/>\n<script type=\"application\/ld+json\" class=\"yoast-schema-graph\">{\"@context\":\"https:\/\/schema.org\",\"@graph\":[{\"@type\":\"WebPage\",\"@id\":\"https:\/\/palmaescolesinfants.cat\/actualitat\/vine-a-cort-a-descobrir-i-construir-la-citta-infinita\/\",\"url\":\"https:\/\/palmaescolesinfants.cat\/actualitat\/vine-a-cort-a-descobrir-i-construir-la-citta-infinita\/\",\"name\":\"Vine a Cort a descobrir i construir la citt\u00e0 infinita - Patronat Municipal d&#039;Escoles d&#039;Infants de l&#039;Ajuntament de Palma\",\"isPartOf\":{\"@id\":\"https:\/\/palmaescolesinfants.cat\/#website\"},\"primaryImageOfPage\":{\"@id\":\"https:\/\/palmaescolesinfants.cat\/actualitat\/vine-a-cort-a-descobrir-i-construir-la-citta-infinita\/#primaryimage\"},\"image\":{\"@id\":\"https:\/\/palmaescolesinfants.cat\/actualitat\/vine-a-cort-a-descobrir-i-construir-la-citta-infinita\/#primaryimage\"},\"thumbnailUrl\":\"https:\/\/palmaescolesinfants.cat\/wp-content\/uploads\/2022\/04\/cittainfinita.jpg\",\"datePublished\":\"2022-04-12T11:18:31+00:00\",\"dateModified\":\"2022-10-17T08:58:01+00:00\",\"author\":{\"@id\":\"https:\/\/palmaescolesinfants.cat\/#\/schema\/person\/b7d3d394e6927fb89c8803ad82bba416\"},\"breadcrumb\":{\"@id\":\"https:\/\/palmaescolesinfants.cat\/actualitat\/vine-a-cort-a-descobrir-i-construir-la-citta-infinita\/#breadcrumb\"},\"inLanguage\":\"es\",\"potentialAction\":[{\"@type\":\"ReadAction\",\"target\":[\"https:\/\/palmaescolesinfants.cat\/actualitat\/vine-a-cort-a-descobrir-i-construir-la-citta-infinita\/\"]}]},{\"@type\":\"ImageObject\",\"inLanguage\":\"es\",\"@id\":\"https:\/\/palmaescolesinfants.cat\/actualitat\/vine-a-cort-a-descobrir-i-construir-la-citta-infinita\/#primaryimage\",\"url\":\"https:\/\/palmaescolesinfants.cat\/wp-content\/uploads\/2022\/04\/cittainfinita.jpg\",\"contentUrl\":\"https:\/\/palmaescolesinfants.cat\/wp-content\/uploads\/2022\/04\/cittainfinita.jpg\",\"width\":1400,\"height\":928},{\"@type\":\"BreadcrumbList\",\"@id\":\"https:\/\/palmaescolesinfants.cat\/actualitat\/vine-a-cort-a-descobrir-i-construir-la-citta-infinita\/#breadcrumb\",\"itemListElement\":[{\"@type\":\"ListItem\",\"position\":1,\"name\":\"Portada\",\"item\":\"https:\/\/palmaescolesinfants.cat\/\"},{\"@type\":\"ListItem\",\"position\":2,\"name\":\"Vine a Cort a descobrir i construir la citt\u00e0 infinita\"}]},{\"@type\":\"WebSite\",\"@id\":\"https:\/\/palmaescolesinfants.cat\/#website\",\"url\":\"https:\/\/palmaescolesinfants.cat\/\",\"name\":\"Patronat Municipal d&#039;Escoles d&#039;Infants de l&#039;Ajuntament de Palma\",\"description\":\"L&#039;educaci\u00f3 dels infants \u00e9s el nostre principal objectiu\",\"potentialAction\":[{\"@type\":\"SearchAction\",\"target\":{\"@type\":\"EntryPoint\",\"urlTemplate\":\"https:\/\/palmaescolesinfants.cat\/?s={search_term_string}\"},\"query-input\":{\"@type\":\"PropertyValueSpecification\",\"valueRequired\":true,\"valueName\":\"search_term_string\"}}],\"inLanguage\":\"es\"},{\"@type\":\"Person\",\"@id\":\"https:\/\/palmaescolesinfants.cat\/#\/schema\/person\/b7d3d394e6927fb89c8803ad82bba416\",\"name\":\"adminsom2\",\"sameAs\":[\"https:\/\/palmaescolesinfants.cat\"]}]}<\/script>\n<!-- \/ Yoast SEO plugin. -->","yoast_head_json":{"title":"Vine a Cort a descobrir i construir la citt\u00e0 infinita - Patronat Municipal d&#039;Escoles d&#039;Infants de l&#039;Ajuntament de Palma","robots":{"index":"index","follow":"follow","max-snippet":"max-snippet:-1","max-image-preview":"max-image-preview:large","max-video-preview":"max-video-preview:-1"},"canonical":"https:\/\/palmaescolesinfants.cat\/actualitat\/vine-a-cort-a-descobrir-i-construir-la-citta-infinita\/","og_locale":"es_ES","og_type":"article","og_title":"Vine a Cort a descobrir i construir la citt\u00e0 infinita - Patronat Municipal d&#039;Escoles d&#039;Infants de l&#039;Ajuntament de Palma","og_description":"Aprofitant les vacances escolars de P\u00e0squa, els dies 22 i 23 d\u2019abril, La citt\u00e0 infinita arribar\u00e0 a Palma. Cort obrir\u00e0 les seves portes als\u00a0 tallers art\u00edstics i constructius destinats a fam\u00edlies amb infants (Dia 22 Prohibit no tocar! Per infants de 0 a 3 anys i Dia 23 La citt\u00e1 infinita per infants a partir [&hellip;]","og_url":"https:\/\/palmaescolesinfants.cat\/actualitat\/vine-a-cort-a-descobrir-i-construir-la-citta-infinita\/","og_site_name":"Patronat Municipal d&#039;Escoles d&#039;Infants de l&#039;Ajuntament de Palma","article_published_time":"2022-04-12T11:18:31+00:00","article_modified_time":"2022-10-17T08:58:01+00:00","og_image":[{"width":1400,"height":928,"url":"https:\/\/palmaescolesinfants.cat\/wp-content\/uploads\/2022\/04\/cittainfinita.jpg","type":"image\/jpeg"}],"author":"adminsom2","twitter_card":"summary_large_image","twitter_misc":{"Escrito por":"adminsom2","Tiempo de lectura":"2 minutos"},"schema":{"@context":"https:\/\/schema.org","@graph":[{"@type":"WebPage","@id":"https:\/\/palmaescolesinfants.cat\/actualitat\/vine-a-cort-a-descobrir-i-construir-la-citta-infinita\/","url":"https:\/\/palmaescolesinfants.cat\/actualitat\/vine-a-cort-a-descobrir-i-construir-la-citta-infinita\/","name":"Vine a Cort a descobrir i construir la citt\u00e0 infinita - Patronat Municipal d&#039;Escoles d&#039;Infants de l&#039;Ajuntament de Palma","isPartOf":{"@id":"https:\/\/palmaescolesinfants.cat\/#website"},"primaryImageOfPage":{"@id":"https:\/\/palmaescolesinfants.cat\/actualitat\/vine-a-cort-a-descobrir-i-construir-la-citta-infinita\/#primaryimage"},"image":{"@id":"https:\/\/palmaescolesinfants.cat\/actualitat\/vine-a-cort-a-descobrir-i-construir-la-citta-infinita\/#primaryimage"},"thumbnailUrl":"https:\/\/palmaescolesinfants.cat\/wp-content\/uploads\/2022\/04\/cittainfinita.jpg","datePublished":"2022-04-12T11:18:31+00:00","dateModified":"2022-10-17T08:58:01+00:00","author":{"@id":"https:\/\/palmaescolesinfants.cat\/#\/schema\/person\/b7d3d394e6927fb89c8803ad82bba416"},"breadcrumb":{"@id":"https:\/\/palmaescolesinfants.cat\/actualitat\/vine-a-cort-a-descobrir-i-construir-la-citta-infinita\/#breadcrumb"},"inLanguage":"es","potentialAction":[{"@type":"ReadAction","target":["https:\/\/palmaescolesinfants.cat\/actualitat\/vine-a-cort-a-descobrir-i-construir-la-citta-infinita\/"]}]},{"@type":"ImageObject","inLanguage":"es","@id":"https:\/\/palmaescolesinfants.cat\/actualitat\/vine-a-cort-a-descobrir-i-construir-la-citta-infinita\/#primaryimage","url":"https:\/\/palmaescolesinfants.cat\/wp-content\/uploads\/2022\/04\/cittainfinita.jpg","contentUrl":"https:\/\/palmaescolesinfants.cat\/wp-content\/uploads\/2022\/04\/cittainfinita.jpg","width":1400,"height":928},{"@type":"BreadcrumbList","@id":"https:\/\/palmaescolesinfants.cat\/actualitat\/vine-a-cort-a-descobrir-i-construir-la-citta-infinita\/#breadcrumb","itemListElement":[{"@type":"ListItem","position":1,"name":"Portada","item":"https:\/\/palmaescolesinfants.cat\/"},{"@type":"ListItem","position":2,"name":"Vine a Cort a descobrir i construir la citt\u00e0 infinita"}]},{"@type":"WebSite","@id":"https:\/\/palmaescolesinfants.cat\/#website","url":"https:\/\/palmaescolesinfants.cat\/","name":"Patronat Municipal d&#039;Escoles d&#039;Infants de l&#039;Ajuntament de Palma","description":"L&#039;educaci\u00f3 dels infants \u00e9s el nostre principal objectiu","potentialAction":[{"@type":"SearchAction","target":{"@type":"EntryPoint","urlTemplate":"https:\/\/palmaescolesinfants.cat\/?s={search_term_string}"},"query-input":{"@type":"PropertyValueSpecification","valueRequired":true,"valueName":"search_term_string"}}],"inLanguage":"es"},{"@type":"Person","@id":"https:\/\/palmaescolesinfants.cat\/#\/schema\/person\/b7d3d394e6927fb89c8803ad82bba416","name":"adminsom2","sameAs":["https:\/\/palmaescolesinfants.cat"]}]}},"_links":{"self":[{"href":"https:\/\/palmaescolesinfants.cat\/es\/wp-json\/wp\/v2\/posts\/2554","targetHints":{"allow":["GET"]}}],"collection":[{"href":"https:\/\/palmaescolesinfants.cat\/es\/wp-json\/wp\/v2\/posts"}],"about":[{"href":"https:\/\/palmaescolesinfants.cat\/es\/wp-json\/wp\/v2\/types\/post"}],"author":[{"embeddable":true,"href":"https:\/\/palmaescolesinfants.cat\/es\/wp-json\/wp\/v2\/users\/1"}],"replies":[{"embeddable":true,"href":"https:\/\/palmaescolesinfants.cat\/es\/wp-json\/wp\/v2\/comments?post=2554"}],"version-history":[{"count":6,"href":"https:\/\/palmaescolesinfants.cat\/es\/wp-json\/wp\/v2\/posts\/2554\/revisions"}],"predecessor-version":[{"id":2570,"href":"https:\/\/palmaescolesinfants.cat\/es\/wp-json\/wp\/v2\/posts\/2554\/revisions\/2570"}],"wp:featuredmedia":[{"embeddable":true,"href":"https:\/\/palmaescolesinfants.cat\/es\/wp-json\/wp\/v2\/media\/2556"}],"wp:attachment":[{"href":"https:\/\/palmaescolesinfants.cat\/es\/wp-json\/wp\/v2\/media?parent=2554"}],"wp:term":[{"taxonomy":"category","embeddable":true,"href":"https:\/\/palmaescolesinfants.cat\/es\/wp-json\/wp\/v2\/categories?post=2554"},{"taxonomy":"post_tag","embeddable":true,"href":"https:\/\/palmaescolesinfants.cat\/es\/wp-json\/wp\/v2\/tags?post=2554"}],"curies":[{"name":"wp","href":"https:\/\/api.w.org\/{rel}","templated":true}]}}