{"id":2609,"date":"2022-05-13T09:00:26","date_gmt":"2022-05-13T09:00:26","guid":{"rendered":"https:\/\/palmaescolesinfants.cat\/?p=2609"},"modified":"2022-10-17T08:57:41","modified_gmt":"2022-10-17T08:57:41","slug":"llistes-de-puntuacio-provisionals","status":"publish","type":"post","link":"https:\/\/palmaescolesinfants.cat\/es\/actualitat\/llistes-de-puntuacio-provisionals\/","title":{"rendered":"Llistes de puntuaci\u00f3 provisionals"},"content":{"rendered":"<p>La consulta, amb car\u00e0cter individual, es pot fer a partir d\u2019avui, a trav\u00e9s de la <strong>p\u00e0gina web del Servei d\u2019Escolaritzaci\u00f3<\/strong> (<strong>sempre que no s\u2019hagi renunciat a la consulta en l\u00ednea)<\/strong>.<\/p>\n<p><a href=\"https:\/\/www.caib.es\/sites\/escolaritzaciocurs\/ca\/consulta_resultat_del_proces-25569\/\">https:\/\/www.caib.es\/sites\/escolaritzaciocurs\/ca\/consulta_resultat_del_proces-25569\/<\/a><\/p>\n<p>Tamb\u00e9 podeu consultar els llistats publicables de cada centre a continuaci\u00f3:<\/p>\n<ul>\n<li><a href=\"https:\/\/palmaescolesinfants.cat\/wp-content\/uploads\/2022\/05\/01_EI-SON-ROCA_llistaSolicituds_Admissio-0-3_Provisional.pdf\" target=\"_blank\" rel=\"noopener\">Son Roca: Llista provisional<\/a><\/li>\n<li><a href=\"https:\/\/palmaescolesinfants.cat\/wp-content\/uploads\/2022\/05\/02_EI-SARENAL_llistaSolicituds_Admissio-0-3_Provisional.pdf\" target=\"_blank\" rel=\"noopener\">S&#8217;Arenal: Llista provisional<\/a><\/li>\n<li><a href=\"https:\/\/palmaescolesinfants.cat\/wp-content\/uploads\/2022\/05\/03_EI-SANTA-CATALINA_llistaSolicituds_Admissio-0-3_Provisional.pdf\" target=\"_blank\" rel=\"noopener\">Santa Catalina: Llista provisional<\/a><\/li>\n<li><a href=\"https:\/\/palmaescolesinfants.cat\/wp-content\/uploads\/2022\/05\/04_EI-CIUTAT-ANTIGA_llistaSolicituds_Admissio-0-3_Provisional.pdf\" target=\"_blank\" rel=\"noopener\">Ciutat Antiga: Llista provisional<\/a><\/li>\n<li><a href=\"https:\/\/palmaescolesinfants.cat\/wp-content\/uploads\/2022\/05\/05_EI-SANTA-CREU_llistaSolicituds_Admissio-0-3_Provisional.pdf\" target=\"_blank\" rel=\"noopener\">Santa Creu: Llista provisional<\/a><\/li>\n<li><a href=\"https:\/\/palmaescolesinfants.cat\/wp-content\/uploads\/2022\/05\/06_EI-MARIA-MUT_llistaSolicituds_Admissio-0-3_Provisional.pdf\" target=\"_blank\" rel=\"noopener\">Maria Mut: Llista provisional<\/a><\/li>\n<li><a href=\"https:\/\/palmaescolesinfants.cat\/wp-content\/uploads\/2022\/05\/07_EI-CAN-ALONSO_llistaSolicituds_Admissio-0-3_Provisional.pdf\" target=\"_blank\" rel=\"noopener\">Can Alonso: Llista provisional<\/a><\/li>\n<li><a href=\"https:\/\/palmaescolesinfants.cat\/wp-content\/uploads\/2022\/05\/08_EI-SON-FUSTER_llistaSolicituds_Admissio-0-3_Provisional.pdf\" target=\"_blank\" rel=\"noopener\">Son Fuster: Llista provisional<\/a><\/li>\n<li><a href=\"https:\/\/palmaescolesinfants.cat\/wp-content\/uploads\/2022\/05\/09_EI-VERGE-DE-LA-SALUT_llistaSolicituds_Admissio-0-3_Provisional.pdf\" target=\"_blank\" rel=\"noopener\">Verge de la Salut: Llista provisional<\/a><\/li>\n<li><a href=\"https:\/\/palmaescolesinfants.cat\/wp-content\/uploads\/2022\/05\/10_EI-SON-FERRIOL_llistaSolicituds_Admissio-0-3_Provisional.pdf\" target=\"_blank\" rel=\"noopener\">Son Ferriol: Llista provisional<\/a><\/li>\n<li><a href=\"https:\/\/palmaescolesinfants.cat\/wp-content\/uploads\/2022\/05\/11_EI-ES-MOLINAR_llistaSolicituds_Admissio-0-3_Provisional.pdf\" target=\"_blank\" rel=\"noopener\">Es Molinar: Llista provisional<\/a><\/li>\n<li><a href=\"https:\/\/palmaescolesinfants.cat\/wp-content\/uploads\/2022\/05\/12_EI-SON-ESPANYOLET_llistaSolicituds_Admissio-0-3_Provisional.pdf\" target=\"_blank\" rel=\"noopener\">Son Espanyolet: Llista provisional<\/a><\/li>\n<\/ul>\n<p>Les persones que no hi puguin accedir poden telefonar al PMEI, al tel\u00e8fon 971 22 59 94, per consultar la informaci\u00f3 relativa als resultats.<\/p>\n<p>El per\u00edode de reclamacions \u00e9s del 16 al 18 de maig de 2022 (ambd\u00f3s inclosos). A la mateixa <strong>p\u00e0gina web del Servei d\u2019Escolaritzaci\u00f3 <\/strong>s\u2019habilitar\u00e0 un formulari per presentar reclamacions. Si s\u2019ha d\u2019adjuntar documentaci\u00f3 complement\u00e0ria, l\u2019hauran de presentar al PMEI.<\/p>\n<p>La consulta de les llistes definitives es podr\u00e0 fer a partir del 31 de maig de 2022 seguint el mateix sistema de les llistes provisionals.<\/p>\n","protected":false},"excerpt":{"rendered":"<p>Podeu consultar els llistats publicables de cada centre a continuaci\u00f3.<\/p>\n","protected":false},"author":1,"featured_media":2610,"comment_status":"closed","ping_status":"closed","sticky":false,"template":"","format":"standard","meta":{"inline_featured_image":false,"footnotes":""},"categories":[20],"tags":[],"class_list":["post-2609","post","type-post","status-publish","format-standard","has-post-thumbnail","hentry","category-actualitat"],"yoast_head":"<!-- This site is optimized with the Yoast SEO plugin v24.5 - https:\/\/yoast.com\/wordpress\/plugins\/seo\/ -->\n<title>Llistes de puntuaci\u00f3 provisionals - Patronat Municipal d&#039;Escoles d&#039;Infants de l&#039;Ajuntament de Palma<\/title>\n<meta name=\"robots\" content=\"index, follow, max-snippet:-1, max-image-preview:large, max-video-preview:-1\" \/>\n<link rel=\"canonical\" href=\"https:\/\/palmaescolesinfants.cat\/actualitat\/llistes-de-puntuacio-provisionals\/\" \/>\n<meta property=\"og:locale\" content=\"es_ES\" \/>\n<meta property=\"og:type\" content=\"article\" \/>\n<meta property=\"og:title\" content=\"Llistes de puntuaci\u00f3 provisionals - Patronat Municipal d&#039;Escoles d&#039;Infants de l&#039;Ajuntament de Palma\" \/>\n<meta property=\"og:description\" content=\"Podeu consultar els llistats publicables de cada centre a continuaci\u00f3.\" \/>\n<meta property=\"og:url\" content=\"https:\/\/palmaescolesinfants.cat\/actualitat\/llistes-de-puntuacio-provisionals\/\" \/>\n<meta property=\"og:site_name\" content=\"Patronat Municipal d&#039;Escoles d&#039;Infants de l&#039;Ajuntament de Palma\" \/>\n<meta property=\"article:published_time\" content=\"2022-05-13T09:00:26+00:00\" \/>\n<meta property=\"article:modified_time\" content=\"2022-10-17T08:57:41+00:00\" \/>\n<meta property=\"og:image\" content=\"https:\/\/palmaescolesinfants.cat\/wp-content\/uploads\/2022\/05\/llistaescoles.jpg\" \/>\n\t<meta property=\"og:image:width\" content=\"790\" \/>\n\t<meta property=\"og:image:height\" content=\"443\" \/>\n\t<meta property=\"og:image:type\" content=\"image\/jpeg\" \/>\n<meta name=\"author\" content=\"adminsom2\" \/>\n<meta name=\"twitter:card\" content=\"summary_large_image\" \/>\n<meta name=\"twitter:label1\" content=\"Escrito por\" \/>\n\t<meta name=\"twitter:data1\" content=\"adminsom2\" \/>\n\t<meta name=\"twitter:label2\" content=\"Tiempo de lectura\" \/>\n\t<meta name=\"twitter:data2\" content=\"1 minuto\" \/>\n<script type=\"application\/ld+json\" class=\"yoast-schema-graph\">{\"@context\":\"https:\/\/schema.org\",\"@graph\":[{\"@type\":\"WebPage\",\"@id\":\"https:\/\/palmaescolesinfants.cat\/actualitat\/llistes-de-puntuacio-provisionals\/\",\"url\":\"https:\/\/palmaescolesinfants.cat\/actualitat\/llistes-de-puntuacio-provisionals\/\",\"name\":\"Llistes de puntuaci\u00f3 provisionals - Patronat Municipal d&#039;Escoles d&#039;Infants de l&#039;Ajuntament de Palma\",\"isPartOf\":{\"@id\":\"https:\/\/palmaescolesinfants.cat\/#website\"},\"primaryImageOfPage\":{\"@id\":\"https:\/\/palmaescolesinfants.cat\/actualitat\/llistes-de-puntuacio-provisionals\/#primaryimage\"},\"image\":{\"@id\":\"https:\/\/palmaescolesinfants.cat\/actualitat\/llistes-de-puntuacio-provisionals\/#primaryimage\"},\"thumbnailUrl\":\"https:\/\/palmaescolesinfants.cat\/wp-content\/uploads\/2022\/05\/llistaescoles.jpg\",\"datePublished\":\"2022-05-13T09:00:26+00:00\",\"dateModified\":\"2022-10-17T08:57:41+00:00\",\"author\":{\"@id\":\"https:\/\/palmaescolesinfants.cat\/#\/schema\/person\/b7d3d394e6927fb89c8803ad82bba416\"},\"breadcrumb\":{\"@id\":\"https:\/\/palmaescolesinfants.cat\/actualitat\/llistes-de-puntuacio-provisionals\/#breadcrumb\"},\"inLanguage\":\"es\",\"potentialAction\":[{\"@type\":\"ReadAction\",\"target\":[\"https:\/\/palmaescolesinfants.cat\/actualitat\/llistes-de-puntuacio-provisionals\/\"]}]},{\"@type\":\"ImageObject\",\"inLanguage\":\"es\",\"@id\":\"https:\/\/palmaescolesinfants.cat\/actualitat\/llistes-de-puntuacio-provisionals\/#primaryimage\",\"url\":\"https:\/\/palmaescolesinfants.cat\/wp-content\/uploads\/2022\/05\/llistaescoles.jpg\",\"contentUrl\":\"https:\/\/palmaescolesinfants.cat\/wp-content\/uploads\/2022\/05\/llistaescoles.jpg\",\"width\":790,\"height\":443},{\"@type\":\"BreadcrumbList\",\"@id\":\"https:\/\/palmaescolesinfants.cat\/actualitat\/llistes-de-puntuacio-provisionals\/#breadcrumb\",\"itemListElement\":[{\"@type\":\"ListItem\",\"position\":1,\"name\":\"Portada\",\"item\":\"https:\/\/palmaescolesinfants.cat\/\"},{\"@type\":\"ListItem\",\"position\":2,\"name\":\"Llistes de puntuaci\u00f3 provisionals\"}]},{\"@type\":\"WebSite\",\"@id\":\"https:\/\/palmaescolesinfants.cat\/#website\",\"url\":\"https:\/\/palmaescolesinfants.cat\/\",\"name\":\"Patronat Municipal d&#039;Escoles d&#039;Infants de l&#039;Ajuntament de Palma\",\"description\":\"L&#039;educaci\u00f3 dels infants \u00e9s el nostre principal objectiu\",\"potentialAction\":[{\"@type\":\"SearchAction\",\"target\":{\"@type\":\"EntryPoint\",\"urlTemplate\":\"https:\/\/palmaescolesinfants.cat\/?s={search_term_string}\"},\"query-input\":{\"@type\":\"PropertyValueSpecification\",\"valueRequired\":true,\"valueName\":\"search_term_string\"}}],\"inLanguage\":\"es\"},{\"@type\":\"Person\",\"@id\":\"https:\/\/palmaescolesinfants.cat\/#\/schema\/person\/b7d3d394e6927fb89c8803ad82bba416\",\"name\":\"adminsom2\",\"sameAs\":[\"https:\/\/palmaescolesinfants.cat\"]}]}<\/script>\n<!-- \/ Yoast SEO plugin. -->","yoast_head_json":{"title":"Llistes de puntuaci\u00f3 provisionals - Patronat Municipal d&#039;Escoles d&#039;Infants de l&#039;Ajuntament de Palma","robots":{"index":"index","follow":"follow","max-snippet":"max-snippet:-1","max-image-preview":"max-image-preview:large","max-video-preview":"max-video-preview:-1"},"canonical":"https:\/\/palmaescolesinfants.cat\/actualitat\/llistes-de-puntuacio-provisionals\/","og_locale":"es_ES","og_type":"article","og_title":"Llistes de puntuaci\u00f3 provisionals - Patronat Municipal d&#039;Escoles d&#039;Infants de l&#039;Ajuntament de Palma","og_description":"Podeu consultar els llistats publicables de cada centre a continuaci\u00f3.","og_url":"https:\/\/palmaescolesinfants.cat\/actualitat\/llistes-de-puntuacio-provisionals\/","og_site_name":"Patronat Municipal d&#039;Escoles d&#039;Infants de l&#039;Ajuntament de Palma","article_published_time":"2022-05-13T09:00:26+00:00","article_modified_time":"2022-10-17T08:57:41+00:00","og_image":[{"width":790,"height":443,"url":"https:\/\/palmaescolesinfants.cat\/wp-content\/uploads\/2022\/05\/llistaescoles.jpg","type":"image\/jpeg"}],"author":"adminsom2","twitter_card":"summary_large_image","twitter_misc":{"Escrito por":"adminsom2","Tiempo de lectura":"1 minuto"},"schema":{"@context":"https:\/\/schema.org","@graph":[{"@type":"WebPage","@id":"https:\/\/palmaescolesinfants.cat\/actualitat\/llistes-de-puntuacio-provisionals\/","url":"https:\/\/palmaescolesinfants.cat\/actualitat\/llistes-de-puntuacio-provisionals\/","name":"Llistes de puntuaci\u00f3 provisionals - Patronat Municipal d&#039;Escoles d&#039;Infants de l&#039;Ajuntament de Palma","isPartOf":{"@id":"https:\/\/palmaescolesinfants.cat\/#website"},"primaryImageOfPage":{"@id":"https:\/\/palmaescolesinfants.cat\/actualitat\/llistes-de-puntuacio-provisionals\/#primaryimage"},"image":{"@id":"https:\/\/palmaescolesinfants.cat\/actualitat\/llistes-de-puntuacio-provisionals\/#primaryimage"},"thumbnailUrl":"https:\/\/palmaescolesinfants.cat\/wp-content\/uploads\/2022\/05\/llistaescoles.jpg","datePublished":"2022-05-13T09:00:26+00:00","dateModified":"2022-10-17T08:57:41+00:00","author":{"@id":"https:\/\/palmaescolesinfants.cat\/#\/schema\/person\/b7d3d394e6927fb89c8803ad82bba416"},"breadcrumb":{"@id":"https:\/\/palmaescolesinfants.cat\/actualitat\/llistes-de-puntuacio-provisionals\/#breadcrumb"},"inLanguage":"es","potentialAction":[{"@type":"ReadAction","target":["https:\/\/palmaescolesinfants.cat\/actualitat\/llistes-de-puntuacio-provisionals\/"]}]},{"@type":"ImageObject","inLanguage":"es","@id":"https:\/\/palmaescolesinfants.cat\/actualitat\/llistes-de-puntuacio-provisionals\/#primaryimage","url":"https:\/\/palmaescolesinfants.cat\/wp-content\/uploads\/2022\/05\/llistaescoles.jpg","contentUrl":"https:\/\/palmaescolesinfants.cat\/wp-content\/uploads\/2022\/05\/llistaescoles.jpg","width":790,"height":443},{"@type":"BreadcrumbList","@id":"https:\/\/palmaescolesinfants.cat\/actualitat\/llistes-de-puntuacio-provisionals\/#breadcrumb","itemListElement":[{"@type":"ListItem","position":1,"name":"Portada","item":"https:\/\/palmaescolesinfants.cat\/"},{"@type":"ListItem","position":2,"name":"Llistes de puntuaci\u00f3 provisionals"}]},{"@type":"WebSite","@id":"https:\/\/palmaescolesinfants.cat\/#website","url":"https:\/\/palmaescolesinfants.cat\/","name":"Patronat Municipal d&#039;Escoles d&#039;Infants de l&#039;Ajuntament de Palma","description":"L&#039;educaci\u00f3 dels infants \u00e9s el nostre principal objectiu","potentialAction":[{"@type":"SearchAction","target":{"@type":"EntryPoint","urlTemplate":"https:\/\/palmaescolesinfants.cat\/?s={search_term_string}"},"query-input":{"@type":"PropertyValueSpecification","valueRequired":true,"valueName":"search_term_string"}}],"inLanguage":"es"},{"@type":"Person","@id":"https:\/\/palmaescolesinfants.cat\/#\/schema\/person\/b7d3d394e6927fb89c8803ad82bba416","name":"adminsom2","sameAs":["https:\/\/palmaescolesinfants.cat"]}]}},"_links":{"self":[{"href":"https:\/\/palmaescolesinfants.cat\/es\/wp-json\/wp\/v2\/posts\/2609","targetHints":{"allow":["GET"]}}],"collection":[{"href":"https:\/\/palmaescolesinfants.cat\/es\/wp-json\/wp\/v2\/posts"}],"about":[{"href":"https:\/\/palmaescolesinfants.cat\/es\/wp-json\/wp\/v2\/types\/post"}],"author":[{"embeddable":true,"href":"https:\/\/palmaescolesinfants.cat\/es\/wp-json\/wp\/v2\/users\/1"}],"replies":[{"embeddable":true,"href":"https:\/\/palmaescolesinfants.cat\/es\/wp-json\/wp\/v2\/comments?post=2609"}],"version-history":[{"count":4,"href":"https:\/\/palmaescolesinfants.cat\/es\/wp-json\/wp\/v2\/posts\/2609\/revisions"}],"predecessor-version":[{"id":2615,"href":"https:\/\/palmaescolesinfants.cat\/es\/wp-json\/wp\/v2\/posts\/2609\/revisions\/2615"}],"wp:featuredmedia":[{"embeddable":true,"href":"https:\/\/palmaescolesinfants.cat\/es\/wp-json\/wp\/v2\/media\/2610"}],"wp:attachment":[{"href":"https:\/\/palmaescolesinfants.cat\/es\/wp-json\/wp\/v2\/media?parent=2609"}],"wp:term":[{"taxonomy":"category","embeddable":true,"href":"https:\/\/palmaescolesinfants.cat\/es\/wp-json\/wp\/v2\/categories?post=2609"},{"taxonomy":"post_tag","embeddable":true,"href":"https:\/\/palmaescolesinfants.cat\/es\/wp-json\/wp\/v2\/tags?post=2609"}],"curies":[{"name":"wp","href":"https:\/\/api.w.org\/{rel}","templated":true}]}}