{"id":2686,"date":"2022-05-31T09:27:13","date_gmt":"2022-05-31T09:27:13","guid":{"rendered":"https:\/\/palmaescolesinfants.cat\/?p=2686"},"modified":"2022-10-17T08:57:46","modified_gmt":"2022-10-17T08:57:46","slug":"llistes-de-puntuacio-definitives","status":"publish","type":"post","link":"https:\/\/palmaescolesinfants.cat\/es\/actualitat\/llistes-de-puntuacio-definitives\/","title":{"rendered":"Llistes de puntuaci\u00f3 definitives"},"content":{"rendered":"<p>A partir d\u2019avui, les fam\u00edlies podran consultar individualment el resultat definitiu del proc\u00e9s a la web de Primera inf\u00e0ncia:\u00a0\u00a0<a href=\"https:\/\/www.caib.es\/sites\/primerainfancia\/ca\/resultat_del_procas\/\">Resultat del proc\u00e9s<\/a><\/p>\n<p>Tamb\u00e9 podran consultar els llistats de cada centre a continuaci\u00f3:<\/p>\n<ul>\n<li><a href=\"https:\/\/palmaescolesinfants.cat\/wp-content\/uploads\/2022\/05\/01_SON-ROCA_llistaSolicituds_Admissio-0-3_Definitiu.pdf\" target=\"_blank\" rel=\"noopener\">Son Roca<\/a><\/li>\n<li><a href=\"https:\/\/palmaescolesinfants.cat\/wp-content\/uploads\/2022\/05\/02_S_ARENAL_llistaSolicituds_Admissio-0-3_Definitiu.pdf\" target=\"_blank\" rel=\"noopener\">S&#8217;Arenal<\/a><\/li>\n<li><a href=\"https:\/\/palmaescolesinfants.cat\/wp-content\/uploads\/2022\/05\/03_SANTA-CATALINA_llistaSolicituds_Admissio-0-3_Definitiu.pdf\" target=\"_blank\" rel=\"noopener\">Santa Catalina<\/a><\/li>\n<li><a href=\"https:\/\/palmaescolesinfants.cat\/wp-content\/uploads\/2022\/05\/04_CIUTAT-ANTIGA_llistaSolicituds_Admissio-0-3_Definitiu.pdf\" target=\"_blank\" rel=\"noopener\">Ciutat Antiga<\/a><\/li>\n<li><a href=\"https:\/\/palmaescolesinfants.cat\/wp-content\/uploads\/2022\/05\/05_SANTA-CREU_llistaSolicituds_Admissio-0-3_Definitiu.pdf\" target=\"_blank\" rel=\"noopener\">Santa Creu<\/a><\/li>\n<li><a href=\"https:\/\/palmaescolesinfants.cat\/wp-content\/uploads\/2022\/05\/06_MARIA-MUT_llistaSolicituds_Admissio-0-3_Definitiu.pdf\" target=\"_blank\" rel=\"noopener\">Maria Mut<\/a><\/li>\n<li><a href=\"https:\/\/palmaescolesinfants.cat\/wp-content\/uploads\/2022\/05\/07_CAN-ALONSO_llistaSolicituds_Admissio-0-3_Definitiu.pdf\" target=\"_blank\" rel=\"noopener\">Can Alonso<\/a><\/li>\n<li><a href=\"https:\/\/palmaescolesinfants.cat\/wp-content\/uploads\/2022\/05\/08_SON-FUSTER_llistaSolicituds_Admissio-0-3_Definitiu.pdf\" target=\"_blank\" rel=\"noopener\">Son Fuster<\/a><\/li>\n<li><a href=\"https:\/\/palmaescolesinfants.cat\/wp-content\/uploads\/2022\/05\/09_VERGE-DE-LA-SALUT_llistaSolicituds_Admissio-0-3_Definitiu.pdf\" target=\"_blank\" rel=\"noopener\">Verge de la Salut<\/a><\/li>\n<li><a href=\"https:\/\/palmaescolesinfants.cat\/wp-content\/uploads\/2022\/05\/10_SON-FERRIOL_llistaSolicituds_Admissio-0-3_Definitiu.pdf\" target=\"_blank\" rel=\"noopener\">Son Ferriol<\/a><\/li>\n<li><a href=\"https:\/\/palmaescolesinfants.cat\/wp-content\/uploads\/2022\/05\/11_ES-MOLINAR_llistaSolicituds_Admissio-0-3_Definitiu.pdf\" target=\"_blank\" rel=\"noopener\">Es Molinar<\/a><\/li>\n<li><a href=\"https:\/\/palmaescolesinfants.cat\/wp-content\/uploads\/2022\/05\/12_SON-ESPANYOLET_llistaSolicituds_Admissio-0-3_Definitiu.pdf\" target=\"_blank\" rel=\"noopener\">Son Espanyolet<\/a><\/li>\n<\/ul>\n<p>Les persones que no hi puguin accedir poden telefonar al PMEI, al tel\u00e8fon 971 22 59 94, per consultar la informaci\u00f3 relativa als resultats definitius.<\/p>\n<p>En el cas que el resultat definitiu indiqui que es t\u00e9 PLA\u00c7A RESERVADA s\u2019haur\u00e0 de procedir a la formalitzaci\u00f3 de la matr\u00edcula.<\/p>\n<p>El termini de matriculaci\u00f3 \u00e9s de l\u20191 al 16 de juny de 2022 (ambd\u00f3s inclosos). La direcci\u00f3 de cada centre contactar\u00e0 amb les fam\u00edlies dels infants admesos i els facilitar\u00e0 una cita per tal de formalitzar la matr\u00edcula; ho far\u00e0 a trav\u00e9s de telefonada i tamb\u00e9 missatge Whastapp\/e-mail. Si en el termini indicat la fam\u00edlia no respon es fa efectiva la p\u00e8rdua de pla\u00e7a.<\/p>\n<p>Per si resulta del vostre inter\u00e8s, podeu consultar tota la informaci\u00f3 relativa a les quotes als seg\u00fcents enlla\u00e7os:<\/p>\n<ul>\n<li><a href=\"https:\/\/palmaescolesinfants.cat\/preu-public-i-tarifes\/\">Preu p\u00fablic i tarifes<\/a><\/li>\n<li><a href=\"https:\/\/palmaescolesinfants.cat\/simulador-de-quota\/\">Simulador de quota<\/a><\/li>\n<\/ul>\n<p>Pel que fa a les sol\u00b7licituds fora de termini trobareu m\u00e9s informaci\u00f3 a la web<\/p>\n<p><a href=\"https:\/\/palmaescolesinfants.cat\/sol%c2%b7licituds-de-placa-fora-de-termini\/\"><strong>SOL\u00b7LICITUDS FORA DE TERMINI<\/strong><\/a><\/p>\n<p>&nbsp;<\/p>\n<p>&nbsp;<\/p>\n","protected":false},"excerpt":{"rendered":"<p>Podeu consultar els llistats publicables de cada centre a continuaci\u00f3.<\/p>\n","protected":false},"author":1,"featured_media":2687,"comment_status":"closed","ping_status":"closed","sticky":false,"template":"","format":"standard","meta":{"inline_featured_image":false,"footnotes":""},"categories":[20],"tags":[],"class_list":["post-2686","post","type-post","status-publish","format-standard","has-post-thumbnail","hentry","category-actualitat"],"yoast_head":"<!-- This site is optimized with the Yoast SEO plugin v24.5 - https:\/\/yoast.com\/wordpress\/plugins\/seo\/ -->\n<title>Llistes de puntuaci\u00f3 definitives - Patronat Municipal d&#039;Escoles d&#039;Infants de l&#039;Ajuntament de Palma<\/title>\n<meta name=\"robots\" content=\"index, follow, max-snippet:-1, max-image-preview:large, max-video-preview:-1\" \/>\n<link rel=\"canonical\" href=\"https:\/\/palmaescolesinfants.cat\/actualitat\/llistes-de-puntuacio-definitives\/\" \/>\n<meta property=\"og:locale\" content=\"es_ES\" \/>\n<meta property=\"og:type\" content=\"article\" \/>\n<meta property=\"og:title\" content=\"Llistes de puntuaci\u00f3 definitives - Patronat Municipal d&#039;Escoles d&#039;Infants de l&#039;Ajuntament de Palma\" \/>\n<meta property=\"og:description\" content=\"Podeu consultar els llistats publicables de cada centre a continuaci\u00f3.\" \/>\n<meta property=\"og:url\" content=\"https:\/\/palmaescolesinfants.cat\/actualitat\/llistes-de-puntuacio-definitives\/\" \/>\n<meta property=\"og:site_name\" content=\"Patronat Municipal d&#039;Escoles d&#039;Infants de l&#039;Ajuntament de Palma\" \/>\n<meta property=\"article:published_time\" content=\"2022-05-31T09:27:13+00:00\" \/>\n<meta property=\"article:modified_time\" content=\"2022-10-17T08:57:46+00:00\" \/>\n<meta property=\"og:image\" content=\"https:\/\/palmaescolesinfants.cat\/wp-content\/uploads\/2022\/05\/llistesdefinitives.jpg\" \/>\n\t<meta property=\"og:image:width\" content=\"790\" \/>\n\t<meta property=\"og:image:height\" content=\"443\" \/>\n\t<meta property=\"og:image:type\" content=\"image\/jpeg\" \/>\n<meta name=\"author\" content=\"adminsom2\" \/>\n<meta name=\"twitter:card\" content=\"summary_large_image\" \/>\n<meta name=\"twitter:label1\" content=\"Escrito por\" \/>\n\t<meta name=\"twitter:data1\" content=\"adminsom2\" \/>\n\t<meta name=\"twitter:label2\" content=\"Tiempo de lectura\" \/>\n\t<meta name=\"twitter:data2\" content=\"1 minuto\" \/>\n<script type=\"application\/ld+json\" class=\"yoast-schema-graph\">{\"@context\":\"https:\/\/schema.org\",\"@graph\":[{\"@type\":\"WebPage\",\"@id\":\"https:\/\/palmaescolesinfants.cat\/actualitat\/llistes-de-puntuacio-definitives\/\",\"url\":\"https:\/\/palmaescolesinfants.cat\/actualitat\/llistes-de-puntuacio-definitives\/\",\"name\":\"Llistes de puntuaci\u00f3 definitives - Patronat Municipal d&#039;Escoles d&#039;Infants de l&#039;Ajuntament de Palma\",\"isPartOf\":{\"@id\":\"https:\/\/palmaescolesinfants.cat\/#website\"},\"primaryImageOfPage\":{\"@id\":\"https:\/\/palmaescolesinfants.cat\/actualitat\/llistes-de-puntuacio-definitives\/#primaryimage\"},\"image\":{\"@id\":\"https:\/\/palmaescolesinfants.cat\/actualitat\/llistes-de-puntuacio-definitives\/#primaryimage\"},\"thumbnailUrl\":\"https:\/\/palmaescolesinfants.cat\/wp-content\/uploads\/2022\/05\/llistesdefinitives.jpg\",\"datePublished\":\"2022-05-31T09:27:13+00:00\",\"dateModified\":\"2022-10-17T08:57:46+00:00\",\"author\":{\"@id\":\"https:\/\/palmaescolesinfants.cat\/#\/schema\/person\/b7d3d394e6927fb89c8803ad82bba416\"},\"breadcrumb\":{\"@id\":\"https:\/\/palmaescolesinfants.cat\/actualitat\/llistes-de-puntuacio-definitives\/#breadcrumb\"},\"inLanguage\":\"es\",\"potentialAction\":[{\"@type\":\"ReadAction\",\"target\":[\"https:\/\/palmaescolesinfants.cat\/actualitat\/llistes-de-puntuacio-definitives\/\"]}]},{\"@type\":\"ImageObject\",\"inLanguage\":\"es\",\"@id\":\"https:\/\/palmaescolesinfants.cat\/actualitat\/llistes-de-puntuacio-definitives\/#primaryimage\",\"url\":\"https:\/\/palmaescolesinfants.cat\/wp-content\/uploads\/2022\/05\/llistesdefinitives.jpg\",\"contentUrl\":\"https:\/\/palmaescolesinfants.cat\/wp-content\/uploads\/2022\/05\/llistesdefinitives.jpg\",\"width\":790,\"height\":443},{\"@type\":\"BreadcrumbList\",\"@id\":\"https:\/\/palmaescolesinfants.cat\/actualitat\/llistes-de-puntuacio-definitives\/#breadcrumb\",\"itemListElement\":[{\"@type\":\"ListItem\",\"position\":1,\"name\":\"Portada\",\"item\":\"https:\/\/palmaescolesinfants.cat\/\"},{\"@type\":\"ListItem\",\"position\":2,\"name\":\"Llistes de puntuaci\u00f3 definitives\"}]},{\"@type\":\"WebSite\",\"@id\":\"https:\/\/palmaescolesinfants.cat\/#website\",\"url\":\"https:\/\/palmaescolesinfants.cat\/\",\"name\":\"Patronat Municipal d&#039;Escoles d&#039;Infants de l&#039;Ajuntament de Palma\",\"description\":\"L&#039;educaci\u00f3 dels infants \u00e9s el nostre principal objectiu\",\"potentialAction\":[{\"@type\":\"SearchAction\",\"target\":{\"@type\":\"EntryPoint\",\"urlTemplate\":\"https:\/\/palmaescolesinfants.cat\/?s={search_term_string}\"},\"query-input\":{\"@type\":\"PropertyValueSpecification\",\"valueRequired\":true,\"valueName\":\"search_term_string\"}}],\"inLanguage\":\"es\"},{\"@type\":\"Person\",\"@id\":\"https:\/\/palmaescolesinfants.cat\/#\/schema\/person\/b7d3d394e6927fb89c8803ad82bba416\",\"name\":\"adminsom2\",\"sameAs\":[\"https:\/\/palmaescolesinfants.cat\"]}]}<\/script>\n<!-- \/ Yoast SEO plugin. -->","yoast_head_json":{"title":"Llistes de puntuaci\u00f3 definitives - Patronat Municipal d&#039;Escoles d&#039;Infants de l&#039;Ajuntament de Palma","robots":{"index":"index","follow":"follow","max-snippet":"max-snippet:-1","max-image-preview":"max-image-preview:large","max-video-preview":"max-video-preview:-1"},"canonical":"https:\/\/palmaescolesinfants.cat\/actualitat\/llistes-de-puntuacio-definitives\/","og_locale":"es_ES","og_type":"article","og_title":"Llistes de puntuaci\u00f3 definitives - Patronat Municipal d&#039;Escoles d&#039;Infants de l&#039;Ajuntament de Palma","og_description":"Podeu consultar els llistats publicables de cada centre a continuaci\u00f3.","og_url":"https:\/\/palmaescolesinfants.cat\/actualitat\/llistes-de-puntuacio-definitives\/","og_site_name":"Patronat Municipal d&#039;Escoles d&#039;Infants de l&#039;Ajuntament de Palma","article_published_time":"2022-05-31T09:27:13+00:00","article_modified_time":"2022-10-17T08:57:46+00:00","og_image":[{"width":790,"height":443,"url":"https:\/\/palmaescolesinfants.cat\/wp-content\/uploads\/2022\/05\/llistesdefinitives.jpg","type":"image\/jpeg"}],"author":"adminsom2","twitter_card":"summary_large_image","twitter_misc":{"Escrito por":"adminsom2","Tiempo de lectura":"1 minuto"},"schema":{"@context":"https:\/\/schema.org","@graph":[{"@type":"WebPage","@id":"https:\/\/palmaescolesinfants.cat\/actualitat\/llistes-de-puntuacio-definitives\/","url":"https:\/\/palmaescolesinfants.cat\/actualitat\/llistes-de-puntuacio-definitives\/","name":"Llistes de puntuaci\u00f3 definitives - Patronat Municipal d&#039;Escoles d&#039;Infants de l&#039;Ajuntament de Palma","isPartOf":{"@id":"https:\/\/palmaescolesinfants.cat\/#website"},"primaryImageOfPage":{"@id":"https:\/\/palmaescolesinfants.cat\/actualitat\/llistes-de-puntuacio-definitives\/#primaryimage"},"image":{"@id":"https:\/\/palmaescolesinfants.cat\/actualitat\/llistes-de-puntuacio-definitives\/#primaryimage"},"thumbnailUrl":"https:\/\/palmaescolesinfants.cat\/wp-content\/uploads\/2022\/05\/llistesdefinitives.jpg","datePublished":"2022-05-31T09:27:13+00:00","dateModified":"2022-10-17T08:57:46+00:00","author":{"@id":"https:\/\/palmaescolesinfants.cat\/#\/schema\/person\/b7d3d394e6927fb89c8803ad82bba416"},"breadcrumb":{"@id":"https:\/\/palmaescolesinfants.cat\/actualitat\/llistes-de-puntuacio-definitives\/#breadcrumb"},"inLanguage":"es","potentialAction":[{"@type":"ReadAction","target":["https:\/\/palmaescolesinfants.cat\/actualitat\/llistes-de-puntuacio-definitives\/"]}]},{"@type":"ImageObject","inLanguage":"es","@id":"https:\/\/palmaescolesinfants.cat\/actualitat\/llistes-de-puntuacio-definitives\/#primaryimage","url":"https:\/\/palmaescolesinfants.cat\/wp-content\/uploads\/2022\/05\/llistesdefinitives.jpg","contentUrl":"https:\/\/palmaescolesinfants.cat\/wp-content\/uploads\/2022\/05\/llistesdefinitives.jpg","width":790,"height":443},{"@type":"BreadcrumbList","@id":"https:\/\/palmaescolesinfants.cat\/actualitat\/llistes-de-puntuacio-definitives\/#breadcrumb","itemListElement":[{"@type":"ListItem","position":1,"name":"Portada","item":"https:\/\/palmaescolesinfants.cat\/"},{"@type":"ListItem","position":2,"name":"Llistes de puntuaci\u00f3 definitives"}]},{"@type":"WebSite","@id":"https:\/\/palmaescolesinfants.cat\/#website","url":"https:\/\/palmaescolesinfants.cat\/","name":"Patronat Municipal d&#039;Escoles d&#039;Infants de l&#039;Ajuntament de Palma","description":"L&#039;educaci\u00f3 dels infants \u00e9s el nostre principal objectiu","potentialAction":[{"@type":"SearchAction","target":{"@type":"EntryPoint","urlTemplate":"https:\/\/palmaescolesinfants.cat\/?s={search_term_string}"},"query-input":{"@type":"PropertyValueSpecification","valueRequired":true,"valueName":"search_term_string"}}],"inLanguage":"es"},{"@type":"Person","@id":"https:\/\/palmaescolesinfants.cat\/#\/schema\/person\/b7d3d394e6927fb89c8803ad82bba416","name":"adminsom2","sameAs":["https:\/\/palmaescolesinfants.cat"]}]}},"_links":{"self":[{"href":"https:\/\/palmaescolesinfants.cat\/es\/wp-json\/wp\/v2\/posts\/2686","targetHints":{"allow":["GET"]}}],"collection":[{"href":"https:\/\/palmaescolesinfants.cat\/es\/wp-json\/wp\/v2\/posts"}],"about":[{"href":"https:\/\/palmaescolesinfants.cat\/es\/wp-json\/wp\/v2\/types\/post"}],"author":[{"embeddable":true,"href":"https:\/\/palmaescolesinfants.cat\/es\/wp-json\/wp\/v2\/users\/1"}],"replies":[{"embeddable":true,"href":"https:\/\/palmaescolesinfants.cat\/es\/wp-json\/wp\/v2\/comments?post=2686"}],"version-history":[{"count":2,"href":"https:\/\/palmaescolesinfants.cat\/es\/wp-json\/wp\/v2\/posts\/2686\/revisions"}],"predecessor-version":[{"id":2714,"href":"https:\/\/palmaescolesinfants.cat\/es\/wp-json\/wp\/v2\/posts\/2686\/revisions\/2714"}],"wp:featuredmedia":[{"embeddable":true,"href":"https:\/\/palmaescolesinfants.cat\/es\/wp-json\/wp\/v2\/media\/2687"}],"wp:attachment":[{"href":"https:\/\/palmaescolesinfants.cat\/es\/wp-json\/wp\/v2\/media?parent=2686"}],"wp:term":[{"taxonomy":"category","embeddable":true,"href":"https:\/\/palmaescolesinfants.cat\/es\/wp-json\/wp\/v2\/categories?post=2686"},{"taxonomy":"post_tag","embeddable":true,"href":"https:\/\/palmaescolesinfants.cat\/es\/wp-json\/wp\/v2\/tags?post=2686"}],"curies":[{"name":"wp","href":"https:\/\/api.w.org\/{rel}","templated":true}]}}