{"id":3457,"date":"2023-02-16T10:02:28","date_gmt":"2023-02-16T10:02:28","guid":{"rendered":"https:\/\/palmaescolesinfants.cat\/sin-categorizar\/les-escoles-dinfants-publiques-de-palma-estaran-bonificades-al-100-en-tota-letapa-0-3-anys-durant-lhorari-lectiu\/"},"modified":"2023-02-16T13:21:46","modified_gmt":"2023-02-16T13:21:46","slug":"les-escoles-dinfants-publiques-de-palma-estaran-bonificades-al-100-en-tota-letapa-0-3-anys-durant-lhorari-lectiu","status":"publish","type":"post","link":"https:\/\/palmaescolesinfants.cat\/es\/actualitat\/les-escoles-dinfants-publiques-de-palma-estaran-bonificades-al-100-en-tota-letapa-0-3-anys-durant-lhorari-lectiu\/","title":{"rendered":"Les escoles d\u2019infants p\u00fabliques de Palma estaran bonificades al 100% en tota l\u2019etapa 0-3 anys durant l\u2019horari lectiu"},"content":{"rendered":"<p><em>La Junta de Govern ha aprovat avui la modificaci\u00f3 de l\u2019ordenan\u00e7a que regula els preus p\u00fablics de les 12 escoles d\u2019infants que depenen de Cort i el Govern.<\/em><em>\u00a0<\/em><\/p>\n<p><em>S\u2019estableix una bonificaci\u00f3 del 100 per cent en el tram compr\u00e8s entre les 8.30 hores i les 15 hores que inclou el berenar i el dinar, que entrar\u00e0 en vigor el curs que ve i beneficiar\u00e0 a 948 infants.<\/em><\/p>\n<p><em>\u00a0<\/em><em>S\u2019estableix una quota mensual econ\u00f2mica per a les fam\u00edlies que emprin el servei d\u2019acollida de mat\u00ed \u00a0i el servei d\u2019horabaixa.<\/em><\/p>\n<p><img fetchpriority=\"high\" decoding=\"async\" class=\"aligncenter size-full wp-image-3453\" src=\"https:\/\/palmaescolesinfants.cat\/wp-content\/uploads\/2023\/02\/FOTOGRAFIA-NOTICIA-ORDENAN_A.jpeg\" alt=\"\" width=\"2048\" height=\"1536\" srcset=\"https:\/\/palmaescolesinfants.cat\/wp-content\/uploads\/2023\/02\/FOTOGRAFIA-NOTICIA-ORDENAN_A.jpeg 2048w, https:\/\/palmaescolesinfants.cat\/wp-content\/uploads\/2023\/02\/FOTOGRAFIA-NOTICIA-ORDENAN_A-300x225.jpeg 300w, https:\/\/palmaescolesinfants.cat\/wp-content\/uploads\/2023\/02\/FOTOGRAFIA-NOTICIA-ORDENAN_A-1024x768.jpeg 1024w, https:\/\/palmaescolesinfants.cat\/wp-content\/uploads\/2023\/02\/FOTOGRAFIA-NOTICIA-ORDENAN_A-768x576.jpeg 768w, https:\/\/palmaescolesinfants.cat\/wp-content\/uploads\/2023\/02\/FOTOGRAFIA-NOTICIA-ORDENAN_A-1536x1152.jpeg 1536w\" sizes=\"(max-width: 2048px) 100vw, 2048px\" \/><\/p>\n<p>Palma, 15 de febrer de 2023.- La Junta de Govern ha aprovat avui la modificaci\u00f3 de l\u2019ordenan\u00e7a que regula el preu p\u00fablic de les escoles d\u2019infants p\u00fabliques de Palma per a qu\u00e8 el curs que ve l\u2019horari lectiu, que compr\u00e8n entre les 8.30 hores i les 15 hores, estigui bonificat al 100 per cent durant tota l\u2019etapa 0-3 anys. Aix\u00ed ho han anunciat el batle de Palma, Jose Hila; el regidor d\u2019Educaci\u00f3 i Pol\u00edtica Ling\u00fc\u00edstica, Lloren\u00e7 Carri\u00f3, i el conseller d\u2019Educaci\u00f3 i Formaci\u00f3 Professional, Mart\u00ed March. Tamb\u00e9 han assistit la gerent del Patronat Municipal d\u2019Escoles d\u2019Infants de Palma, Francisca Niell, i la directora general de Primera Inf\u00e0ncia, Innovaci\u00f3 i Comunitat Educativa del Govern, Amanda Fern\u00e1ndez Rub\u00ed.<\/p>\n<p>El batle ha afirmat que \u201cen moments dif\u00edcils, les institucions hem de treballar de forma conjunta per a la ciutadania, aix\u00f2 \u00e9s el que hem fet\u201d. \u201cLa nostra aposta \u00e9s impulsar l\u2019educaci\u00f3, ajudar a les fam\u00edlies i oferir el millor servei, d\u2019aqu\u00ed la import\u00e0ncia de la mesura d\u2019avui, que bonifica al 100 per cent el servei que oferim entre les 8.30 hores i les 15 hores. Cap persona usu\u00e0ria de les escoles d\u2019infants de Palma pagar\u00e0 res en aquest tram en tota l\u2019etapa de 0 a 3 anys\u201d.<\/p>\n<p>El conseller Mart\u00ed March ha destacat en la seva intervenci\u00f3 la coordinaci\u00f3 entre les dues administracions com un element clau per fer possible la millora del dia a dia dels ciutadans i ha afirmat que \u201cla gratu\u00eftat educativa en el nivell de 0-3 anys contribueix a l\u2019equitat, que \u00e9s fonamental en aquesta etapa, i per aix\u00f2, el que s\u2019anuncia avui \u00e9s una not\u00edcia molt positiva\u201d. March ha recordat que l\u2019Ajuntament rebr\u00e0 de la Conselleria 1.170.000 euros cada curs per la gratu\u00eftat 2-3 i que aquests ajuts s\u2019afegeixen als que es varen posar en marxa la passada legislatura per a sosteniment d\u2019aules 0-3, que han suposat el 2022 a Palma un total de 1.024.443 euros. A m\u00e9s, actualment est\u00e0 prevista la inversi\u00f3 de 2.430.000 euros per a la creaci\u00f3 de noves places a trav\u00e9s de 4 escoletes noves al municipi.<\/p>\n<p>El regidor d\u2019Educaci\u00f3, Lloren\u00e7 Carri\u00f3 ha afirmat que \u201cels 948 infants es podran beneficiar d\u2019aquesta gratu\u00eftat de servei dins l\u2019horari que va de les 8:30 h del mat\u00ed fins a les 15:00 h de la tarda i inclou el berenar, menjador i descans del infants tamb\u00e9 complement gratis per a les seves fam\u00edlies\u201d.<\/p>\n<p>L\u2019Ajuntament de Palma i la Conselleria d\u2019Educaci\u00f3 i Formaci\u00f3 Professional signaren l\u2019any passat un conveni de col\u00b7laboraci\u00f3 per aplicar la gratu\u00eftat del servei educatiu de tercer d\u2019educaci\u00f3 infantil, una mesura que actualment s\u2019est\u00e0 aplicant. Aquest acord va suposar la modificaci\u00f3 durant un any de l\u2019ordenan\u00e7a per a suspendre\u2019n temporalment l\u2019aplicaci\u00f3 durant un any. Ara s\u2019ha donat el vistiplau a la modificaci\u00f3 de l\u2019ordenan\u00e7a per incloure com es regulen els nous preus p\u00fablics de forma definitiva per adaptar-los al conveni.<\/p>\n<p>D\u2019aquesta manera, i despr\u00e9s d\u2019analitzar els costos i d\u2019un estudi econ\u00f2mic, s\u2019han determinat unes noves tarifes i bonificacions, que s\u00f3n les seg\u00fcents:<\/p>\n<ul>\n<li>S\u2019estableix com a horari lectiu el tram que compr\u00e8n des de les 8.30 hores a les 15 hores. S\u2019inclou el berenar i el dinar perqu\u00e8 s\u2019aposta per un model d\u2019escola inclusiva en qu\u00e8 el moment de l\u2019alimentaci\u00f3 forma part de les situacions d\u2019aprenentatge.<\/li>\n<li>Aquest horari es bonifica al 100 per cent, \u00e9s a dir, tindr\u00e0 cost zero per a les fam\u00edlies.<\/li>\n<li>La mesura s&#8217;aplicar\u00e0 a les 12 escoles d\u2019infants p\u00fabliques de Palma: les 11 de gesti\u00f3 de l\u2019Ajuntament i la de gesti\u00f3 del Govern (Verge de la Salut). Se\u2019n beneficiaran 948 infants.<\/li>\n<li>S\u2019estableixen dos nous preus p\u00fablics: un per al servei d\u2019acollida de mat\u00ed (7.30h a 8.30h) de 30 euros mensuals i un altre per al servei d\u2019horabaixa (de 15h a 16.00 hores) de 40 euros mensuals.<\/li>\n<li>Aquests trams tamb\u00e9 tindran bonificacions i reduccions (fam\u00edlies en situaci\u00f3 de vulnerabilitat 100%, fam\u00edlies nombroses o monoparentals 50% i fills\/es v\u00edctimes de viol\u00e8ncia de g\u00e8nere 25%).<\/li>\n<li>Es calcula que un 50 per cent dels infants que van a les escoles d\u2019infants de Palma empren l\u2019escola matinera i\/o el servei d\u2019horabaixa.<\/li>\n<li>Es crea una nova tarifa en concepte de gesti\u00f3 de l\u2019expedient d\u2019admissi\u00f3 que es pagar\u00e0 un \u00fanic cop en el moment de la matr\u00edcula d\u2019admissi\u00f3 de l\u2019alumne que ser\u00e0 de 155 euros. Es podr\u00e0 aplicar una reducci\u00f3 per a les fam\u00edlies en situaci\u00f3 de vulnerabilitat del 50 per cent.<\/li>\n<\/ul>\n<p>L\u2019\u00c0rea d\u2019Educaci\u00f3 destina 10.372.402 euros a les escoles d\u2019infants, 7.877.715 euros provenen de fons propis de l\u2019Ajuntament i 2.494.686 euros, de la subvenci\u00f3 que atorga la Conselleria d\u2019Educaci\u00f3.<\/p>\n<p>Fins ara, les quotes de les escoles d\u2019infants es calculaven en base a la renda de les fam\u00edlies, amb quotes que anaven dels 320 euros fins als 78 euros mensuals.<\/p>\n","protected":false},"excerpt":{"rendered":"<p>La Junta de Govern ha aprovat avui la modificaci\u00f3 de l\u2019ordenan\u00e7a que regula els preus p\u00fablics de les 12 escoles d\u2019infants que depenen de Cort i el Govern.\u00a0 S\u2019estableix una bonificaci\u00f3 del 100 per cent en el tram compr\u00e8s entre les 8.30 hores i les 15 hores que inclou el berenar i el dinar, que [&hellip;]<\/p>\n","protected":false},"author":1,"featured_media":3454,"comment_status":"closed","ping_status":"closed","sticky":false,"template":"","format":"standard","meta":{"inline_featured_image":false,"footnotes":""},"categories":[20],"tags":[],"class_list":["post-3457","post","type-post","status-publish","format-standard","has-post-thumbnail","hentry","category-actualitat"],"yoast_head":"<!-- This site is optimized with the Yoast SEO plugin v24.5 - https:\/\/yoast.com\/wordpress\/plugins\/seo\/ -->\n<title>Les escoles d\u2019infants p\u00fabliques de Palma estaran bonificades al 100% en tota l\u2019etapa 0-3 anys durant l\u2019horari lectiu - Patronat Municipal d&#039;Escoles d&#039;Infants de l&#039;Ajuntament de Palma<\/title>\n<meta name=\"robots\" content=\"index, follow, max-snippet:-1, max-image-preview:large, max-video-preview:-1\" \/>\n<link rel=\"canonical\" href=\"https:\/\/palmaescolesinfants.cat\/es\/actualitat\/les-escoles-dinfants-publiques-de-palma-estaran-bonificades-al-100-en-tota-letapa-0-3-anys-durant-lhorari-lectiu\/\" \/>\n<meta property=\"og:locale\" content=\"es_ES\" \/>\n<meta property=\"og:type\" content=\"article\" \/>\n<meta property=\"og:title\" content=\"Les escoles d\u2019infants p\u00fabliques de Palma estaran bonificades al 100% en tota l\u2019etapa 0-3 anys durant l\u2019horari lectiu - Patronat Municipal d&#039;Escoles d&#039;Infants de l&#039;Ajuntament de Palma\" \/>\n<meta property=\"og:description\" content=\"La Junta de Govern ha aprovat avui la modificaci\u00f3 de l\u2019ordenan\u00e7a que regula els preus p\u00fablics de les 12 escoles d\u2019infants que depenen de Cort i el Govern.\u00a0 S\u2019estableix una bonificaci\u00f3 del 100 per cent en el tram compr\u00e8s entre les 8.30 hores i les 15 hores que inclou el berenar i el dinar, que [&hellip;]\" \/>\n<meta property=\"og:url\" content=\"https:\/\/palmaescolesinfants.cat\/es\/actualitat\/les-escoles-dinfants-publiques-de-palma-estaran-bonificades-al-100-en-tota-letapa-0-3-anys-durant-lhorari-lectiu\/\" \/>\n<meta property=\"og:site_name\" content=\"Patronat Municipal d&#039;Escoles d&#039;Infants de l&#039;Ajuntament de Palma\" \/>\n<meta property=\"article:published_time\" content=\"2023-02-16T10:02:28+00:00\" \/>\n<meta property=\"article:modified_time\" content=\"2023-02-16T13:21:46+00:00\" \/>\n<meta property=\"og:image\" content=\"https:\/\/palmaescolesinfants.cat\/wp-content\/uploads\/2023\/02\/FOTOGRAFIA-NOTICIA-ORDENAN_A.jpeg\" \/>\n\t<meta property=\"og:image:width\" content=\"2048\" \/>\n\t<meta property=\"og:image:height\" content=\"1536\" \/>\n\t<meta property=\"og:image:type\" content=\"image\/jpeg\" \/>\n<meta name=\"author\" content=\"adminsom2\" \/>\n<meta name=\"twitter:card\" content=\"summary_large_image\" \/>\n<meta name=\"twitter:label1\" content=\"Escrito por\" \/>\n\t<meta name=\"twitter:data1\" content=\"adminsom2\" \/>\n\t<meta name=\"twitter:label2\" content=\"Tiempo de lectura\" \/>\n\t<meta name=\"twitter:data2\" content=\"5 minutos\" \/>\n<script type=\"application\/ld+json\" class=\"yoast-schema-graph\">{\"@context\":\"https:\/\/schema.org\",\"@graph\":[{\"@type\":\"WebPage\",\"@id\":\"https:\/\/palmaescolesinfants.cat\/es\/actualitat\/les-escoles-dinfants-publiques-de-palma-estaran-bonificades-al-100-en-tota-letapa-0-3-anys-durant-lhorari-lectiu\/\",\"url\":\"https:\/\/palmaescolesinfants.cat\/es\/actualitat\/les-escoles-dinfants-publiques-de-palma-estaran-bonificades-al-100-en-tota-letapa-0-3-anys-durant-lhorari-lectiu\/\",\"name\":\"Les escoles d\u2019infants p\u00fabliques de Palma estaran bonificades al 100% en tota l\u2019etapa 0-3 anys durant l\u2019horari lectiu - Patronat Municipal d&#039;Escoles d&#039;Infants de l&#039;Ajuntament de Palma\",\"isPartOf\":{\"@id\":\"https:\/\/palmaescolesinfants.cat\/#website\"},\"primaryImageOfPage\":{\"@id\":\"https:\/\/palmaescolesinfants.cat\/es\/actualitat\/les-escoles-dinfants-publiques-de-palma-estaran-bonificades-al-100-en-tota-letapa-0-3-anys-durant-lhorari-lectiu\/#primaryimage\"},\"image\":{\"@id\":\"https:\/\/palmaescolesinfants.cat\/es\/actualitat\/les-escoles-dinfants-publiques-de-palma-estaran-bonificades-al-100-en-tota-letapa-0-3-anys-durant-lhorari-lectiu\/#primaryimage\"},\"thumbnailUrl\":\"https:\/\/palmaescolesinfants.cat\/wp-content\/uploads\/2023\/02\/FOTOGRAFIA-NOTICIA-ORDENAN_A.jpeg\",\"datePublished\":\"2023-02-16T10:02:28+00:00\",\"dateModified\":\"2023-02-16T13:21:46+00:00\",\"author\":{\"@id\":\"https:\/\/palmaescolesinfants.cat\/#\/schema\/person\/b7d3d394e6927fb89c8803ad82bba416\"},\"breadcrumb\":{\"@id\":\"https:\/\/palmaescolesinfants.cat\/es\/actualitat\/les-escoles-dinfants-publiques-de-palma-estaran-bonificades-al-100-en-tota-letapa-0-3-anys-durant-lhorari-lectiu\/#breadcrumb\"},\"inLanguage\":\"es\",\"potentialAction\":[{\"@type\":\"ReadAction\",\"target\":[\"https:\/\/palmaescolesinfants.cat\/es\/actualitat\/les-escoles-dinfants-publiques-de-palma-estaran-bonificades-al-100-en-tota-letapa-0-3-anys-durant-lhorari-lectiu\/\"]}]},{\"@type\":\"ImageObject\",\"inLanguage\":\"es\",\"@id\":\"https:\/\/palmaescolesinfants.cat\/es\/actualitat\/les-escoles-dinfants-publiques-de-palma-estaran-bonificades-al-100-en-tota-letapa-0-3-anys-durant-lhorari-lectiu\/#primaryimage\",\"url\":\"https:\/\/palmaescolesinfants.cat\/wp-content\/uploads\/2023\/02\/FOTOGRAFIA-NOTICIA-ORDENAN_A.jpeg\",\"contentUrl\":\"https:\/\/palmaescolesinfants.cat\/wp-content\/uploads\/2023\/02\/FOTOGRAFIA-NOTICIA-ORDENAN_A.jpeg\",\"width\":2048,\"height\":1536},{\"@type\":\"BreadcrumbList\",\"@id\":\"https:\/\/palmaescolesinfants.cat\/es\/actualitat\/les-escoles-dinfants-publiques-de-palma-estaran-bonificades-al-100-en-tota-letapa-0-3-anys-durant-lhorari-lectiu\/#breadcrumb\",\"itemListElement\":[{\"@type\":\"ListItem\",\"position\":1,\"name\":\"Portada\",\"item\":\"https:\/\/palmaescolesinfants.cat\/\"},{\"@type\":\"ListItem\",\"position\":2,\"name\":\"Les escoles d\u2019infants p\u00fabliques de Palma estaran bonificades al 100% en tota l\u2019etapa 0-3 anys durant l\u2019horari lectiu\"}]},{\"@type\":\"WebSite\",\"@id\":\"https:\/\/palmaescolesinfants.cat\/#website\",\"url\":\"https:\/\/palmaescolesinfants.cat\/\",\"name\":\"Patronat Municipal d&#039;Escoles d&#039;Infants de l&#039;Ajuntament de Palma\",\"description\":\"L&#039;educaci\u00f3 dels infants \u00e9s el nostre principal objectiu\",\"potentialAction\":[{\"@type\":\"SearchAction\",\"target\":{\"@type\":\"EntryPoint\",\"urlTemplate\":\"https:\/\/palmaescolesinfants.cat\/?s={search_term_string}\"},\"query-input\":{\"@type\":\"PropertyValueSpecification\",\"valueRequired\":true,\"valueName\":\"search_term_string\"}}],\"inLanguage\":\"es\"},{\"@type\":\"Person\",\"@id\":\"https:\/\/palmaescolesinfants.cat\/#\/schema\/person\/b7d3d394e6927fb89c8803ad82bba416\",\"name\":\"adminsom2\",\"sameAs\":[\"https:\/\/palmaescolesinfants.cat\"]}]}<\/script>\n<!-- \/ Yoast SEO plugin. -->","yoast_head_json":{"title":"Les escoles d\u2019infants p\u00fabliques de Palma estaran bonificades al 100% en tota l\u2019etapa 0-3 anys durant l\u2019horari lectiu - Patronat Municipal d&#039;Escoles d&#039;Infants de l&#039;Ajuntament de Palma","robots":{"index":"index","follow":"follow","max-snippet":"max-snippet:-1","max-image-preview":"max-image-preview:large","max-video-preview":"max-video-preview:-1"},"canonical":"https:\/\/palmaescolesinfants.cat\/es\/actualitat\/les-escoles-dinfants-publiques-de-palma-estaran-bonificades-al-100-en-tota-letapa-0-3-anys-durant-lhorari-lectiu\/","og_locale":"es_ES","og_type":"article","og_title":"Les escoles d\u2019infants p\u00fabliques de Palma estaran bonificades al 100% en tota l\u2019etapa 0-3 anys durant l\u2019horari lectiu - Patronat Municipal d&#039;Escoles d&#039;Infants de l&#039;Ajuntament de Palma","og_description":"La Junta de Govern ha aprovat avui la modificaci\u00f3 de l\u2019ordenan\u00e7a que regula els preus p\u00fablics de les 12 escoles d\u2019infants que depenen de Cort i el Govern.\u00a0 S\u2019estableix una bonificaci\u00f3 del 100 per cent en el tram compr\u00e8s entre les 8.30 hores i les 15 hores que inclou el berenar i el dinar, que [&hellip;]","og_url":"https:\/\/palmaescolesinfants.cat\/es\/actualitat\/les-escoles-dinfants-publiques-de-palma-estaran-bonificades-al-100-en-tota-letapa-0-3-anys-durant-lhorari-lectiu\/","og_site_name":"Patronat Municipal d&#039;Escoles d&#039;Infants de l&#039;Ajuntament de Palma","article_published_time":"2023-02-16T10:02:28+00:00","article_modified_time":"2023-02-16T13:21:46+00:00","og_image":[{"width":2048,"height":1536,"url":"https:\/\/palmaescolesinfants.cat\/wp-content\/uploads\/2023\/02\/FOTOGRAFIA-NOTICIA-ORDENAN_A.jpeg","type":"image\/jpeg"}],"author":"adminsom2","twitter_card":"summary_large_image","twitter_misc":{"Escrito por":"adminsom2","Tiempo de lectura":"5 minutos"},"schema":{"@context":"https:\/\/schema.org","@graph":[{"@type":"WebPage","@id":"https:\/\/palmaescolesinfants.cat\/es\/actualitat\/les-escoles-dinfants-publiques-de-palma-estaran-bonificades-al-100-en-tota-letapa-0-3-anys-durant-lhorari-lectiu\/","url":"https:\/\/palmaescolesinfants.cat\/es\/actualitat\/les-escoles-dinfants-publiques-de-palma-estaran-bonificades-al-100-en-tota-letapa-0-3-anys-durant-lhorari-lectiu\/","name":"Les escoles d\u2019infants p\u00fabliques de Palma estaran bonificades al 100% en tota l\u2019etapa 0-3 anys durant l\u2019horari lectiu - Patronat Municipal d&#039;Escoles d&#039;Infants de l&#039;Ajuntament de Palma","isPartOf":{"@id":"https:\/\/palmaescolesinfants.cat\/#website"},"primaryImageOfPage":{"@id":"https:\/\/palmaescolesinfants.cat\/es\/actualitat\/les-escoles-dinfants-publiques-de-palma-estaran-bonificades-al-100-en-tota-letapa-0-3-anys-durant-lhorari-lectiu\/#primaryimage"},"image":{"@id":"https:\/\/palmaescolesinfants.cat\/es\/actualitat\/les-escoles-dinfants-publiques-de-palma-estaran-bonificades-al-100-en-tota-letapa-0-3-anys-durant-lhorari-lectiu\/#primaryimage"},"thumbnailUrl":"https:\/\/palmaescolesinfants.cat\/wp-content\/uploads\/2023\/02\/FOTOGRAFIA-NOTICIA-ORDENAN_A.jpeg","datePublished":"2023-02-16T10:02:28+00:00","dateModified":"2023-02-16T13:21:46+00:00","author":{"@id":"https:\/\/palmaescolesinfants.cat\/#\/schema\/person\/b7d3d394e6927fb89c8803ad82bba416"},"breadcrumb":{"@id":"https:\/\/palmaescolesinfants.cat\/es\/actualitat\/les-escoles-dinfants-publiques-de-palma-estaran-bonificades-al-100-en-tota-letapa-0-3-anys-durant-lhorari-lectiu\/#breadcrumb"},"inLanguage":"es","potentialAction":[{"@type":"ReadAction","target":["https:\/\/palmaescolesinfants.cat\/es\/actualitat\/les-escoles-dinfants-publiques-de-palma-estaran-bonificades-al-100-en-tota-letapa-0-3-anys-durant-lhorari-lectiu\/"]}]},{"@type":"ImageObject","inLanguage":"es","@id":"https:\/\/palmaescolesinfants.cat\/es\/actualitat\/les-escoles-dinfants-publiques-de-palma-estaran-bonificades-al-100-en-tota-letapa-0-3-anys-durant-lhorari-lectiu\/#primaryimage","url":"https:\/\/palmaescolesinfants.cat\/wp-content\/uploads\/2023\/02\/FOTOGRAFIA-NOTICIA-ORDENAN_A.jpeg","contentUrl":"https:\/\/palmaescolesinfants.cat\/wp-content\/uploads\/2023\/02\/FOTOGRAFIA-NOTICIA-ORDENAN_A.jpeg","width":2048,"height":1536},{"@type":"BreadcrumbList","@id":"https:\/\/palmaescolesinfants.cat\/es\/actualitat\/les-escoles-dinfants-publiques-de-palma-estaran-bonificades-al-100-en-tota-letapa-0-3-anys-durant-lhorari-lectiu\/#breadcrumb","itemListElement":[{"@type":"ListItem","position":1,"name":"Portada","item":"https:\/\/palmaescolesinfants.cat\/"},{"@type":"ListItem","position":2,"name":"Les escoles d\u2019infants p\u00fabliques de Palma estaran bonificades al 100% en tota l\u2019etapa 0-3 anys durant l\u2019horari lectiu"}]},{"@type":"WebSite","@id":"https:\/\/palmaescolesinfants.cat\/#website","url":"https:\/\/palmaescolesinfants.cat\/","name":"Patronat Municipal d&#039;Escoles d&#039;Infants de l&#039;Ajuntament de Palma","description":"L&#039;educaci\u00f3 dels infants \u00e9s el nostre principal objectiu","potentialAction":[{"@type":"SearchAction","target":{"@type":"EntryPoint","urlTemplate":"https:\/\/palmaescolesinfants.cat\/?s={search_term_string}"},"query-input":{"@type":"PropertyValueSpecification","valueRequired":true,"valueName":"search_term_string"}}],"inLanguage":"es"},{"@type":"Person","@id":"https:\/\/palmaescolesinfants.cat\/#\/schema\/person\/b7d3d394e6927fb89c8803ad82bba416","name":"adminsom2","sameAs":["https:\/\/palmaescolesinfants.cat"]}]}},"_links":{"self":[{"href":"https:\/\/palmaescolesinfants.cat\/es\/wp-json\/wp\/v2\/posts\/3457","targetHints":{"allow":["GET"]}}],"collection":[{"href":"https:\/\/palmaescolesinfants.cat\/es\/wp-json\/wp\/v2\/posts"}],"about":[{"href":"https:\/\/palmaescolesinfants.cat\/es\/wp-json\/wp\/v2\/types\/post"}],"author":[{"embeddable":true,"href":"https:\/\/palmaescolesinfants.cat\/es\/wp-json\/wp\/v2\/users\/1"}],"replies":[{"embeddable":true,"href":"https:\/\/palmaescolesinfants.cat\/es\/wp-json\/wp\/v2\/comments?post=3457"}],"version-history":[{"count":1,"href":"https:\/\/palmaescolesinfants.cat\/es\/wp-json\/wp\/v2\/posts\/3457\/revisions"}],"predecessor-version":[{"id":3458,"href":"https:\/\/palmaescolesinfants.cat\/es\/wp-json\/wp\/v2\/posts\/3457\/revisions\/3458"}],"wp:featuredmedia":[{"embeddable":true,"href":"https:\/\/palmaescolesinfants.cat\/es\/wp-json\/wp\/v2\/media\/3454"}],"wp:attachment":[{"href":"https:\/\/palmaescolesinfants.cat\/es\/wp-json\/wp\/v2\/media?parent=3457"}],"wp:term":[{"taxonomy":"category","embeddable":true,"href":"https:\/\/palmaescolesinfants.cat\/es\/wp-json\/wp\/v2\/categories?post=3457"},{"taxonomy":"post_tag","embeddable":true,"href":"https:\/\/palmaescolesinfants.cat\/es\/wp-json\/wp\/v2\/tags?post=3457"}],"curies":[{"name":"wp","href":"https:\/\/api.w.org\/{rel}","templated":true}]}}