{"id":3824,"date":"2023-11-17T13:33:44","date_gmt":"2023-11-17T13:33:44","guid":{"rendered":"https:\/\/palmaescolesinfants.cat\/?p=3824"},"modified":"2024-04-24T06:21:11","modified_gmt":"2024-04-24T06:21:11","slug":"el-ayuntamiento-expone-la-actualizacion-del-proyecto-de-construccion-de-la-nueva-escuela-infantil-son-gibert","status":"publish","type":"post","link":"https:\/\/palmaescolesinfants.cat\/es\/actualitat\/el-ayuntamiento-expone-la-actualizacion-del-proyecto-de-construccion-de-la-nueva-escuela-infantil-son-gibert\/","title":{"rendered":"El ayuntamiento expone la actualizaci\u00f3n del proyecto de construcci\u00f3n de la nueva escuela infantil Son Gibert."},"content":{"rendered":"<p>ESCUELA INFANTIL SON GIBERT<\/p>\n<p>&nbsp;<\/p>\n<p><img fetchpriority=\"high\" decoding=\"async\" class=\"aligncenter size-full wp-image-3825\" src=\"https:\/\/palmaescolesinfants.cat\/wp-content\/uploads\/2023\/11\/planol-escola-infans-son-gibert.png\" alt=\"\" width=\"1024\" height=\"496\" srcset=\"https:\/\/palmaescolesinfants.cat\/wp-content\/uploads\/2023\/11\/planol-escola-infans-son-gibert.png 1024w, https:\/\/palmaescolesinfants.cat\/wp-content\/uploads\/2023\/11\/planol-escola-infans-son-gibert-300x145.png 300w, https:\/\/palmaescolesinfants.cat\/wp-content\/uploads\/2023\/11\/planol-escola-infans-son-gibert-768x372.png 768w\" sizes=\"(max-width: 1024px) 100vw, 1024px\" \/><\/p>\n<p><img decoding=\"async\" class=\"aligncenter size-full wp-image-3970\" src=\"https:\/\/palmaescolesinfants.cat\/wp-content\/uploads\/2023\/11\/Logos.png\" alt=\"\" width=\"714\" height=\"102\" srcset=\"https:\/\/palmaescolesinfants.cat\/wp-content\/uploads\/2023\/11\/Logos.png 714w, https:\/\/palmaescolesinfants.cat\/wp-content\/uploads\/2023\/11\/Logos-300x43.png 300w\" sizes=\"(max-width: 714px) 100vw, 714px\" \/><\/p>\n<p>&nbsp;<\/p>\n<p>El proyecto recibir\u00e1 fondos europeos Next Generation a trav\u00e9s del Plan estatal de recuperaci\u00f3n, transformaci\u00f3n y resiliencia y la Consejer\u00eda de Educaci\u00f3n y Formaci\u00f3n Profesional con el fin de crear 92 nuevas plazas municipales de 0 a 3 a\u00f1os.<\/p>\n<p>Puede consultar el proyecto en los siguientes enlaces:<\/p>\n<p><strong><a href=\"https:\/\/palmaescolesinfants.cat\/wp-content\/uploads\/2023\/11\/projecte-son-gibert-I-VI.pdf\" target=\"_blank\" rel=\"noopener\">Proyecto Son Gibert I-VI<\/a>\u00a0 |\u00a0 <a href=\"https:\/\/palmaescolesinfants.cat\/wp-content\/uploads\/2023\/11\/projecte-son-gibert-VII-planos.pdf\" target=\"_blank\" rel=\"noopener\">Proyecto Son Gibert VII Planos<\/a>\u00a0 |\u00a0 <a href=\"https:\/\/palmaescolesinfants.cat\/wp-content\/uploads\/2023\/11\/projecte-son-gibert-VIII.pdf\" target=\"_blank\" rel=\"noopener\">Proyecto Son Gibert VIII<\/a><\/strong><\/p>\n","protected":false},"excerpt":{"rendered":"<p>El proyecto recibir\u00e1 fondos europeos Next Generation a trav\u00e9s del Plan estatal de recuperaci\u00f3n, transformaci\u00f3n y resiliencia y la Consejer\u00eda de Educaci\u00f3n y Formaci\u00f3n Profesional&#8230;<\/p>\n","protected":false},"author":1,"featured_media":3826,"comment_status":"closed","ping_status":"closed","sticky":false,"template":"","format":"standard","meta":{"inline_featured_image":false,"footnotes":""},"categories":[20],"tags":[],"class_list":["post-3824","post","type-post","status-publish","format-standard","has-post-thumbnail","hentry","category-actualitat"],"yoast_head":"<!-- This site is optimized with the Yoast SEO plugin v24.5 - https:\/\/yoast.com\/wordpress\/plugins\/seo\/ -->\n<title>Projecte de construcci\u00f3 nova escola d&#039;infants Son Gibert | PMEI<\/title>\n<meta name=\"robots\" content=\"index, follow, max-snippet:-1, max-image-preview:large, max-video-preview:-1\" \/>\n<link rel=\"canonical\" href=\"https:\/\/palmaescolesinfants.cat\/es\/actualitat\/el-ayuntamiento-expone-la-actualizacion-del-proyecto-de-construccion-de-la-nueva-escuela-infantil-son-gibert\/\" \/>\n<meta property=\"og:locale\" content=\"es_ES\" \/>\n<meta property=\"og:type\" content=\"article\" \/>\n<meta property=\"og:title\" content=\"Projecte de construcci\u00f3 nova escola d&#039;infants Son Gibert | PMEI\" \/>\n<meta property=\"og:description\" content=\"El proyecto recibir\u00e1 fondos europeos Next Generation a trav\u00e9s del Plan estatal de recuperaci\u00f3n, transformaci\u00f3n y resiliencia y la Consejer\u00eda de Educaci\u00f3n y Formaci\u00f3n Profesional...\" \/>\n<meta property=\"og:url\" content=\"https:\/\/palmaescolesinfants.cat\/es\/actualitat\/el-ayuntamiento-expone-la-actualizacion-del-proyecto-de-construccion-de-la-nueva-escuela-infantil-son-gibert\/\" \/>\n<meta property=\"og:site_name\" content=\"Patronat Municipal d&#039;Escoles d&#039;Infants de l&#039;Ajuntament de Palma\" \/>\n<meta property=\"article:published_time\" content=\"2023-11-17T13:33:44+00:00\" \/>\n<meta property=\"article:modified_time\" content=\"2024-04-24T06:21:11+00:00\" \/>\n<meta property=\"og:image\" content=\"https:\/\/palmaescolesinfants.cat\/wp-content\/uploads\/2023\/11\/planol-escola-infans-son-gibert.png\" \/>\n\t<meta property=\"og:image:width\" content=\"1024\" \/>\n\t<meta property=\"og:image:height\" content=\"496\" \/>\n\t<meta property=\"og:image:type\" content=\"image\/png\" \/>\n<meta name=\"author\" content=\"adminsom2\" \/>\n<meta name=\"twitter:card\" content=\"summary_large_image\" \/>\n<meta name=\"twitter:label1\" content=\"Escrito por\" \/>\n\t<meta name=\"twitter:data1\" content=\"adminsom2\" \/>\n\t<meta name=\"twitter:label2\" content=\"Tiempo de lectura\" \/>\n\t<meta name=\"twitter:data2\" content=\"5 minutos\" \/>\n<script type=\"application\/ld+json\" class=\"yoast-schema-graph\">{\"@context\":\"https:\/\/schema.org\",\"@graph\":[{\"@type\":\"WebPage\",\"@id\":\"https:\/\/palmaescolesinfants.cat\/es\/actualitat\/el-ayuntamiento-expone-la-actualizacion-del-proyecto-de-construccion-de-la-nueva-escuela-infantil-son-gibert\/\",\"url\":\"https:\/\/palmaescolesinfants.cat\/es\/actualitat\/el-ayuntamiento-expone-la-actualizacion-del-proyecto-de-construccion-de-la-nueva-escuela-infantil-son-gibert\/\",\"name\":\"Projecte de construcci\u00f3 nova escola d'infants Son Gibert | PMEI\",\"isPartOf\":{\"@id\":\"https:\/\/palmaescolesinfants.cat\/#website\"},\"primaryImageOfPage\":{\"@id\":\"https:\/\/palmaescolesinfants.cat\/es\/actualitat\/el-ayuntamiento-expone-la-actualizacion-del-proyecto-de-construccion-de-la-nueva-escuela-infantil-son-gibert\/#primaryimage\"},\"image\":{\"@id\":\"https:\/\/palmaescolesinfants.cat\/es\/actualitat\/el-ayuntamiento-expone-la-actualizacion-del-proyecto-de-construccion-de-la-nueva-escuela-infantil-son-gibert\/#primaryimage\"},\"thumbnailUrl\":\"https:\/\/palmaescolesinfants.cat\/wp-content\/uploads\/2023\/11\/planol-escola-infans-son-gibert.png\",\"datePublished\":\"2023-11-17T13:33:44+00:00\",\"dateModified\":\"2024-04-24T06:21:11+00:00\",\"author\":{\"@id\":\"https:\/\/palmaescolesinfants.cat\/#\/schema\/person\/b7d3d394e6927fb89c8803ad82bba416\"},\"breadcrumb\":{\"@id\":\"https:\/\/palmaescolesinfants.cat\/es\/actualitat\/el-ayuntamiento-expone-la-actualizacion-del-proyecto-de-construccion-de-la-nueva-escuela-infantil-son-gibert\/#breadcrumb\"},\"inLanguage\":\"es\",\"potentialAction\":[{\"@type\":\"ReadAction\",\"target\":[\"https:\/\/palmaescolesinfants.cat\/es\/actualitat\/el-ayuntamiento-expone-la-actualizacion-del-proyecto-de-construccion-de-la-nueva-escuela-infantil-son-gibert\/\"]}]},{\"@type\":\"ImageObject\",\"inLanguage\":\"es\",\"@id\":\"https:\/\/palmaescolesinfants.cat\/es\/actualitat\/el-ayuntamiento-expone-la-actualizacion-del-proyecto-de-construccion-de-la-nueva-escuela-infantil-son-gibert\/#primaryimage\",\"url\":\"https:\/\/palmaescolesinfants.cat\/wp-content\/uploads\/2023\/11\/planol-escola-infans-son-gibert.png\",\"contentUrl\":\"https:\/\/palmaescolesinfants.cat\/wp-content\/uploads\/2023\/11\/planol-escola-infans-son-gibert.png\",\"width\":1024,\"height\":496},{\"@type\":\"BreadcrumbList\",\"@id\":\"https:\/\/palmaescolesinfants.cat\/es\/actualitat\/el-ayuntamiento-expone-la-actualizacion-del-proyecto-de-construccion-de-la-nueva-escuela-infantil-son-gibert\/#breadcrumb\",\"itemListElement\":[{\"@type\":\"ListItem\",\"position\":1,\"name\":\"Portada\",\"item\":\"https:\/\/palmaescolesinfants.cat\/\"},{\"@type\":\"ListItem\",\"position\":2,\"name\":\"El ayuntamiento expone la actualizaci\u00f3n del proyecto de construcci\u00f3n de la nueva escuela infantil Son Gibert.\"}]},{\"@type\":\"WebSite\",\"@id\":\"https:\/\/palmaescolesinfants.cat\/#website\",\"url\":\"https:\/\/palmaescolesinfants.cat\/\",\"name\":\"Patronat Municipal d&#039;Escoles d&#039;Infants de l&#039;Ajuntament de Palma\",\"description\":\"L&#039;educaci\u00f3 dels infants \u00e9s el nostre principal objectiu\",\"potentialAction\":[{\"@type\":\"SearchAction\",\"target\":{\"@type\":\"EntryPoint\",\"urlTemplate\":\"https:\/\/palmaescolesinfants.cat\/?s={search_term_string}\"},\"query-input\":{\"@type\":\"PropertyValueSpecification\",\"valueRequired\":true,\"valueName\":\"search_term_string\"}}],\"inLanguage\":\"es\"},{\"@type\":\"Person\",\"@id\":\"https:\/\/palmaescolesinfants.cat\/#\/schema\/person\/b7d3d394e6927fb89c8803ad82bba416\",\"name\":\"adminsom2\",\"sameAs\":[\"https:\/\/palmaescolesinfants.cat\"]}]}<\/script>\n<!-- \/ Yoast SEO plugin. -->","yoast_head_json":{"title":"Projecte de construcci\u00f3 nova escola d'infants Son Gibert | PMEI","robots":{"index":"index","follow":"follow","max-snippet":"max-snippet:-1","max-image-preview":"max-image-preview:large","max-video-preview":"max-video-preview:-1"},"canonical":"https:\/\/palmaescolesinfants.cat\/es\/actualitat\/el-ayuntamiento-expone-la-actualizacion-del-proyecto-de-construccion-de-la-nueva-escuela-infantil-son-gibert\/","og_locale":"es_ES","og_type":"article","og_title":"Projecte de construcci\u00f3 nova escola d'infants Son Gibert | PMEI","og_description":"El proyecto recibir\u00e1 fondos europeos Next Generation a trav\u00e9s del Plan estatal de recuperaci\u00f3n, transformaci\u00f3n y resiliencia y la Consejer\u00eda de Educaci\u00f3n y Formaci\u00f3n Profesional...","og_url":"https:\/\/palmaescolesinfants.cat\/es\/actualitat\/el-ayuntamiento-expone-la-actualizacion-del-proyecto-de-construccion-de-la-nueva-escuela-infantil-son-gibert\/","og_site_name":"Patronat Municipal d&#039;Escoles d&#039;Infants de l&#039;Ajuntament de Palma","article_published_time":"2023-11-17T13:33:44+00:00","article_modified_time":"2024-04-24T06:21:11+00:00","og_image":[{"width":1024,"height":496,"url":"https:\/\/palmaescolesinfants.cat\/wp-content\/uploads\/2023\/11\/planol-escola-infans-son-gibert.png","type":"image\/png"}],"author":"adminsom2","twitter_card":"summary_large_image","twitter_misc":{"Escrito por":"adminsom2","Tiempo de lectura":"5 minutos"},"schema":{"@context":"https:\/\/schema.org","@graph":[{"@type":"WebPage","@id":"https:\/\/palmaescolesinfants.cat\/es\/actualitat\/el-ayuntamiento-expone-la-actualizacion-del-proyecto-de-construccion-de-la-nueva-escuela-infantil-son-gibert\/","url":"https:\/\/palmaescolesinfants.cat\/es\/actualitat\/el-ayuntamiento-expone-la-actualizacion-del-proyecto-de-construccion-de-la-nueva-escuela-infantil-son-gibert\/","name":"Projecte de construcci\u00f3 nova escola d'infants Son Gibert | PMEI","isPartOf":{"@id":"https:\/\/palmaescolesinfants.cat\/#website"},"primaryImageOfPage":{"@id":"https:\/\/palmaescolesinfants.cat\/es\/actualitat\/el-ayuntamiento-expone-la-actualizacion-del-proyecto-de-construccion-de-la-nueva-escuela-infantil-son-gibert\/#primaryimage"},"image":{"@id":"https:\/\/palmaescolesinfants.cat\/es\/actualitat\/el-ayuntamiento-expone-la-actualizacion-del-proyecto-de-construccion-de-la-nueva-escuela-infantil-son-gibert\/#primaryimage"},"thumbnailUrl":"https:\/\/palmaescolesinfants.cat\/wp-content\/uploads\/2023\/11\/planol-escola-infans-son-gibert.png","datePublished":"2023-11-17T13:33:44+00:00","dateModified":"2024-04-24T06:21:11+00:00","author":{"@id":"https:\/\/palmaescolesinfants.cat\/#\/schema\/person\/b7d3d394e6927fb89c8803ad82bba416"},"breadcrumb":{"@id":"https:\/\/palmaescolesinfants.cat\/es\/actualitat\/el-ayuntamiento-expone-la-actualizacion-del-proyecto-de-construccion-de-la-nueva-escuela-infantil-son-gibert\/#breadcrumb"},"inLanguage":"es","potentialAction":[{"@type":"ReadAction","target":["https:\/\/palmaescolesinfants.cat\/es\/actualitat\/el-ayuntamiento-expone-la-actualizacion-del-proyecto-de-construccion-de-la-nueva-escuela-infantil-son-gibert\/"]}]},{"@type":"ImageObject","inLanguage":"es","@id":"https:\/\/palmaescolesinfants.cat\/es\/actualitat\/el-ayuntamiento-expone-la-actualizacion-del-proyecto-de-construccion-de-la-nueva-escuela-infantil-son-gibert\/#primaryimage","url":"https:\/\/palmaescolesinfants.cat\/wp-content\/uploads\/2023\/11\/planol-escola-infans-son-gibert.png","contentUrl":"https:\/\/palmaescolesinfants.cat\/wp-content\/uploads\/2023\/11\/planol-escola-infans-son-gibert.png","width":1024,"height":496},{"@type":"BreadcrumbList","@id":"https:\/\/palmaescolesinfants.cat\/es\/actualitat\/el-ayuntamiento-expone-la-actualizacion-del-proyecto-de-construccion-de-la-nueva-escuela-infantil-son-gibert\/#breadcrumb","itemListElement":[{"@type":"ListItem","position":1,"name":"Portada","item":"https:\/\/palmaescolesinfants.cat\/"},{"@type":"ListItem","position":2,"name":"El ayuntamiento expone la actualizaci\u00f3n del proyecto de construcci\u00f3n de la nueva escuela infantil Son Gibert."}]},{"@type":"WebSite","@id":"https:\/\/palmaescolesinfants.cat\/#website","url":"https:\/\/palmaescolesinfants.cat\/","name":"Patronat Municipal d&#039;Escoles d&#039;Infants de l&#039;Ajuntament de Palma","description":"L&#039;educaci\u00f3 dels infants \u00e9s el nostre principal objectiu","potentialAction":[{"@type":"SearchAction","target":{"@type":"EntryPoint","urlTemplate":"https:\/\/palmaescolesinfants.cat\/?s={search_term_string}"},"query-input":{"@type":"PropertyValueSpecification","valueRequired":true,"valueName":"search_term_string"}}],"inLanguage":"es"},{"@type":"Person","@id":"https:\/\/palmaescolesinfants.cat\/#\/schema\/person\/b7d3d394e6927fb89c8803ad82bba416","name":"adminsom2","sameAs":["https:\/\/palmaescolesinfants.cat"]}]}},"_links":{"self":[{"href":"https:\/\/palmaescolesinfants.cat\/es\/wp-json\/wp\/v2\/posts\/3824","targetHints":{"allow":["GET"]}}],"collection":[{"href":"https:\/\/palmaescolesinfants.cat\/es\/wp-json\/wp\/v2\/posts"}],"about":[{"href":"https:\/\/palmaescolesinfants.cat\/es\/wp-json\/wp\/v2\/types\/post"}],"author":[{"embeddable":true,"href":"https:\/\/palmaescolesinfants.cat\/es\/wp-json\/wp\/v2\/users\/1"}],"replies":[{"embeddable":true,"href":"https:\/\/palmaescolesinfants.cat\/es\/wp-json\/wp\/v2\/comments?post=3824"}],"version-history":[{"count":3,"href":"https:\/\/palmaescolesinfants.cat\/es\/wp-json\/wp\/v2\/posts\/3824\/revisions"}],"predecessor-version":[{"id":3972,"href":"https:\/\/palmaescolesinfants.cat\/es\/wp-json\/wp\/v2\/posts\/3824\/revisions\/3972"}],"wp:featuredmedia":[{"embeddable":true,"href":"https:\/\/palmaescolesinfants.cat\/es\/wp-json\/wp\/v2\/media\/3826"}],"wp:attachment":[{"href":"https:\/\/palmaescolesinfants.cat\/es\/wp-json\/wp\/v2\/media?parent=3824"}],"wp:term":[{"taxonomy":"category","embeddable":true,"href":"https:\/\/palmaescolesinfants.cat\/es\/wp-json\/wp\/v2\/categories?post=3824"},{"taxonomy":"post_tag","embeddable":true,"href":"https:\/\/palmaescolesinfants.cat\/es\/wp-json\/wp\/v2\/tags?post=3824"}],"curies":[{"name":"wp","href":"https:\/\/api.w.org\/{rel}","templated":true}]}}