{"id":3999,"date":"2024-05-27T06:31:30","date_gmt":"2024-05-27T06:31:30","guid":{"rendered":"https:\/\/palmaescolesinfants.cat\/sin-categorizar\/lajuntament-exposa-lactualitzacio-del-projecte-de-construccio-de-la-nova-escola-dinfants-de-son-dameto-27-de-maig-de-2024\/"},"modified":"2024-05-27T06:31:30","modified_gmt":"2024-05-27T06:31:30","slug":"lajuntament-exposa-lactualitzacio-del-projecte-de-construccio-de-la-nova-escola-dinfants-de-son-dameto-27-de-maig-de-2024","status":"publish","type":"post","link":"https:\/\/palmaescolesinfants.cat\/es\/actualitat\/lajuntament-exposa-lactualitzacio-del-projecte-de-construccio-de-la-nova-escola-dinfants-de-son-dameto-27-de-maig-de-2024\/","title":{"rendered":"L&#8217;Ajuntament exposa l&#8217;actualitzaci\u00f3 del projecte de construcci\u00f3 de la nova escola d&#8217;Infants de Son Dameto. 27 de maig de 2024."},"content":{"rendered":"<p><img fetchpriority=\"high\" decoding=\"async\" class=\"aligncenter size-full wp-image-3989\" src=\"https:\/\/palmaescolesinfants.cat\/wp-content\/uploads\/2024\/05\/escolasondameto.jpg\" alt=\"\" width=\"1024\" height=\"496\" srcset=\"https:\/\/palmaescolesinfants.cat\/wp-content\/uploads\/2024\/05\/escolasondameto.jpg 1024w, https:\/\/palmaescolesinfants.cat\/wp-content\/uploads\/2024\/05\/escolasondameto-300x145.jpg 300w, https:\/\/palmaescolesinfants.cat\/wp-content\/uploads\/2024\/05\/escolasondameto-768x372.jpg 768w\" sizes=\"(max-width: 1024px) 100vw, 1024px\" \/><\/p>\n<p>El projecte rebr\u00e0 fons europeus Next Generation a trav\u00e9s del Pla estatal de recuperaci\u00f3, transformaci\u00f3 i resili\u00e8ncia i la Conselleria d\u2019Educaci\u00f3 i Formaci\u00f3 Professional amb la finalitat de crear 92 noves places municipals de 0 a 3 anys.<\/p>\n<p>Podeu consultar el projecte als seg\u00fcents enlla\u00e7os:<\/p>\n<p><a href=\"https:\/\/palmaescolesinfants.cat\/wp-content\/uploads\/2024\/05\/1_Projecte_Son_Dameto_Memoria.pdf\" target=\"_blank\" rel=\"noopener\">1_Projecte Son Dameto_Mem\u00f2ria<\/a><\/p>\n<p><a href=\"https:\/\/palmaescolesinfants.cat\/wp-content\/uploads\/2024\/05\/2_Projecte_Son_Dameto_Planols_execucio.pdf\" target=\"_blank\" rel=\"noopener\">2_Projecte Son Dameto_Planols execuci\u00f3<\/a><\/p>\n<p><a href=\"https:\/\/palmaescolesinfants.cat\/wp-content\/uploads\/2024\/05\/3_Projecte_Son_Dameto_Estudi_Seguretat_i_Salut.pdf\" target=\"_blank\" rel=\"noopener\">3_Projecte Son Dameto_Estudi de Seguretat i Salut<\/a><\/p>\n","protected":false},"excerpt":{"rendered":"<p>El projecte rebr\u00e0 fons europeus Next Generation a trav\u00e9s del Pla estatal de recuperaci\u00f3, transformaci\u00f3 i resili\u00e8ncia i la Conselleria d\u2019Educaci\u00f3 i Formaci\u00f3 Professional amb la finalitat de crear 92 noves places municipals de 0 a 3 anys. Podeu consultar el projecte als seg\u00fcents enlla\u00e7os: 1_Projecte Son Dameto_Mem\u00f2ria 2_Projecte Son Dameto_Planols execuci\u00f3 3_Projecte Son Dameto_Estudi [&hellip;]<\/p>\n","protected":false},"author":1,"featured_media":3990,"comment_status":"closed","ping_status":"closed","sticky":false,"template":"","format":"standard","meta":{"inline_featured_image":false,"footnotes":""},"categories":[20],"tags":[],"class_list":["post-3999","post","type-post","status-publish","format-standard","has-post-thumbnail","hentry","category-actualitat"],"yoast_head":"<!-- This site is optimized with the Yoast SEO plugin v24.5 - https:\/\/yoast.com\/wordpress\/plugins\/seo\/ -->\n<title>L&#039;Ajuntament exposa l&#039;actualitzaci\u00f3 del projecte de construcci\u00f3 de la nova escola d&#039;Infants de Son Dameto. 27 de maig de 2024. - Patronat Municipal d&#039;Escoles d&#039;Infants de l&#039;Ajuntament de Palma<\/title>\n<meta name=\"robots\" content=\"index, follow, max-snippet:-1, max-image-preview:large, max-video-preview:-1\" \/>\n<link rel=\"canonical\" href=\"https:\/\/palmaescolesinfants.cat\/es\/sin-categorizar\/lajuntament-exposa-lactualitzacio-del-projecte-de-construccio-de-la-nova-escola-dinfants-de-son-dameto-27-de-maig-de-2024\/\" \/>\n<meta property=\"og:locale\" content=\"es_ES\" \/>\n<meta property=\"og:type\" content=\"article\" \/>\n<meta property=\"og:title\" content=\"L&#039;Ajuntament exposa l&#039;actualitzaci\u00f3 del projecte de construcci\u00f3 de la nova escola d&#039;Infants de Son Dameto. 27 de maig de 2024. - Patronat Municipal d&#039;Escoles d&#039;Infants de l&#039;Ajuntament de Palma\" \/>\n<meta property=\"og:description\" content=\"El projecte rebr\u00e0 fons europeus Next Generation a trav\u00e9s del Pla estatal de recuperaci\u00f3, transformaci\u00f3 i resili\u00e8ncia i la Conselleria d\u2019Educaci\u00f3 i Formaci\u00f3 Professional amb la finalitat de crear 92 noves places municipals de 0 a 3 anys. Podeu consultar el projecte als seg\u00fcents enlla\u00e7os: 1_Projecte Son Dameto_Mem\u00f2ria 2_Projecte Son Dameto_Planols execuci\u00f3 3_Projecte Son Dameto_Estudi [&hellip;]\" \/>\n<meta property=\"og:url\" content=\"https:\/\/palmaescolesinfants.cat\/es\/sin-categorizar\/lajuntament-exposa-lactualitzacio-del-projecte-de-construccio-de-la-nova-escola-dinfants-de-son-dameto-27-de-maig-de-2024\/\" \/>\n<meta property=\"og:site_name\" content=\"Patronat Municipal d&#039;Escoles d&#039;Infants de l&#039;Ajuntament de Palma\" \/>\n<meta property=\"article:published_time\" content=\"2024-05-27T06:31:30+00:00\" \/>\n<meta property=\"og:image\" content=\"https:\/\/palmaescolesinfants.cat\/wp-content\/uploads\/2024\/05\/escolasondameto.jpg\" \/>\n<meta name=\"author\" content=\"adminsom2\" \/>\n<meta name=\"twitter:card\" content=\"summary_large_image\" \/>\n<meta name=\"twitter:label1\" content=\"Escrito por\" \/>\n\t<meta name=\"twitter:data1\" content=\"adminsom2\" \/>\n<script type=\"application\/ld+json\" class=\"yoast-schema-graph\">{\"@context\":\"https:\/\/schema.org\",\"@graph\":[{\"@type\":\"WebPage\",\"@id\":\"https:\/\/palmaescolesinfants.cat\/es\/sin-categorizar\/lajuntament-exposa-lactualitzacio-del-projecte-de-construccio-de-la-nova-escola-dinfants-de-son-dameto-27-de-maig-de-2024\/\",\"url\":\"https:\/\/palmaescolesinfants.cat\/es\/sin-categorizar\/lajuntament-exposa-lactualitzacio-del-projecte-de-construccio-de-la-nova-escola-dinfants-de-son-dameto-27-de-maig-de-2024\/\",\"name\":\"L'Ajuntament exposa l'actualitzaci\u00f3 del projecte de construcci\u00f3 de la nova escola d'Infants de Son Dameto. 27 de maig de 2024. - Patronat Municipal d&#039;Escoles d&#039;Infants de l&#039;Ajuntament de Palma\",\"isPartOf\":{\"@id\":\"https:\/\/palmaescolesinfants.cat\/#website\"},\"primaryImageOfPage\":{\"@id\":\"https:\/\/palmaescolesinfants.cat\/es\/sin-categorizar\/lajuntament-exposa-lactualitzacio-del-projecte-de-construccio-de-la-nova-escola-dinfants-de-son-dameto-27-de-maig-de-2024\/#primaryimage\"},\"image\":{\"@id\":\"https:\/\/palmaescolesinfants.cat\/es\/sin-categorizar\/lajuntament-exposa-lactualitzacio-del-projecte-de-construccio-de-la-nova-escola-dinfants-de-son-dameto-27-de-maig-de-2024\/#primaryimage\"},\"thumbnailUrl\":\"https:\/\/palmaescolesinfants.cat\/wp-content\/uploads\/2024\/05\/escolasondameto.jpg\",\"datePublished\":\"2024-05-27T06:31:30+00:00\",\"author\":{\"@id\":\"https:\/\/palmaescolesinfants.cat\/#\/schema\/person\/b7d3d394e6927fb89c8803ad82bba416\"},\"breadcrumb\":{\"@id\":\"https:\/\/palmaescolesinfants.cat\/es\/sin-categorizar\/lajuntament-exposa-lactualitzacio-del-projecte-de-construccio-de-la-nova-escola-dinfants-de-son-dameto-27-de-maig-de-2024\/#breadcrumb\"},\"inLanguage\":\"es\",\"potentialAction\":[{\"@type\":\"ReadAction\",\"target\":[\"https:\/\/palmaescolesinfants.cat\/es\/sin-categorizar\/lajuntament-exposa-lactualitzacio-del-projecte-de-construccio-de-la-nova-escola-dinfants-de-son-dameto-27-de-maig-de-2024\/\"]}]},{\"@type\":\"ImageObject\",\"inLanguage\":\"es\",\"@id\":\"https:\/\/palmaescolesinfants.cat\/es\/sin-categorizar\/lajuntament-exposa-lactualitzacio-del-projecte-de-construccio-de-la-nova-escola-dinfants-de-son-dameto-27-de-maig-de-2024\/#primaryimage\",\"url\":\"https:\/\/palmaescolesinfants.cat\/wp-content\/uploads\/2024\/05\/escolasondameto.jpg\",\"contentUrl\":\"https:\/\/palmaescolesinfants.cat\/wp-content\/uploads\/2024\/05\/escolasondameto.jpg\",\"width\":1024,\"height\":496},{\"@type\":\"BreadcrumbList\",\"@id\":\"https:\/\/palmaescolesinfants.cat\/es\/sin-categorizar\/lajuntament-exposa-lactualitzacio-del-projecte-de-construccio-de-la-nova-escola-dinfants-de-son-dameto-27-de-maig-de-2024\/#breadcrumb\",\"itemListElement\":[{\"@type\":\"ListItem\",\"position\":1,\"name\":\"Portada\",\"item\":\"https:\/\/palmaescolesinfants.cat\/\"},{\"@type\":\"ListItem\",\"position\":2,\"name\":\"L&#8217;Ajuntament exposa l&#8217;actualitzaci\u00f3 del projecte de construcci\u00f3 de la nova escola d&#8217;Infants de Son Dameto. 27 de maig de 2024.\"}]},{\"@type\":\"WebSite\",\"@id\":\"https:\/\/palmaescolesinfants.cat\/#website\",\"url\":\"https:\/\/palmaescolesinfants.cat\/\",\"name\":\"Patronat Municipal d&#039;Escoles d&#039;Infants de l&#039;Ajuntament de Palma\",\"description\":\"L&#039;educaci\u00f3 dels infants \u00e9s el nostre principal objectiu\",\"potentialAction\":[{\"@type\":\"SearchAction\",\"target\":{\"@type\":\"EntryPoint\",\"urlTemplate\":\"https:\/\/palmaescolesinfants.cat\/?s={search_term_string}\"},\"query-input\":{\"@type\":\"PropertyValueSpecification\",\"valueRequired\":true,\"valueName\":\"search_term_string\"}}],\"inLanguage\":\"es\"},{\"@type\":\"Person\",\"@id\":\"https:\/\/palmaescolesinfants.cat\/#\/schema\/person\/b7d3d394e6927fb89c8803ad82bba416\",\"name\":\"adminsom2\",\"sameAs\":[\"https:\/\/palmaescolesinfants.cat\"]}]}<\/script>\n<!-- \/ Yoast SEO plugin. -->","yoast_head_json":{"title":"L'Ajuntament exposa l'actualitzaci\u00f3 del projecte de construcci\u00f3 de la nova escola d'Infants de Son Dameto. 27 de maig de 2024. - Patronat Municipal d&#039;Escoles d&#039;Infants de l&#039;Ajuntament de Palma","robots":{"index":"index","follow":"follow","max-snippet":"max-snippet:-1","max-image-preview":"max-image-preview:large","max-video-preview":"max-video-preview:-1"},"canonical":"https:\/\/palmaescolesinfants.cat\/es\/sin-categorizar\/lajuntament-exposa-lactualitzacio-del-projecte-de-construccio-de-la-nova-escola-dinfants-de-son-dameto-27-de-maig-de-2024\/","og_locale":"es_ES","og_type":"article","og_title":"L'Ajuntament exposa l'actualitzaci\u00f3 del projecte de construcci\u00f3 de la nova escola d'Infants de Son Dameto. 27 de maig de 2024. - Patronat Municipal d&#039;Escoles d&#039;Infants de l&#039;Ajuntament de Palma","og_description":"El projecte rebr\u00e0 fons europeus Next Generation a trav\u00e9s del Pla estatal de recuperaci\u00f3, transformaci\u00f3 i resili\u00e8ncia i la Conselleria d\u2019Educaci\u00f3 i Formaci\u00f3 Professional amb la finalitat de crear 92 noves places municipals de 0 a 3 anys. Podeu consultar el projecte als seg\u00fcents enlla\u00e7os: 1_Projecte Son Dameto_Mem\u00f2ria 2_Projecte Son Dameto_Planols execuci\u00f3 3_Projecte Son Dameto_Estudi [&hellip;]","og_url":"https:\/\/palmaescolesinfants.cat\/es\/sin-categorizar\/lajuntament-exposa-lactualitzacio-del-projecte-de-construccio-de-la-nova-escola-dinfants-de-son-dameto-27-de-maig-de-2024\/","og_site_name":"Patronat Municipal d&#039;Escoles d&#039;Infants de l&#039;Ajuntament de Palma","article_published_time":"2024-05-27T06:31:30+00:00","og_image":[{"url":"https:\/\/palmaescolesinfants.cat\/wp-content\/uploads\/2024\/05\/escolasondameto.jpg","type":"","width":"","height":""}],"author":"adminsom2","twitter_card":"summary_large_image","twitter_misc":{"Escrito por":"adminsom2"},"schema":{"@context":"https:\/\/schema.org","@graph":[{"@type":"WebPage","@id":"https:\/\/palmaescolesinfants.cat\/es\/sin-categorizar\/lajuntament-exposa-lactualitzacio-del-projecte-de-construccio-de-la-nova-escola-dinfants-de-son-dameto-27-de-maig-de-2024\/","url":"https:\/\/palmaescolesinfants.cat\/es\/sin-categorizar\/lajuntament-exposa-lactualitzacio-del-projecte-de-construccio-de-la-nova-escola-dinfants-de-son-dameto-27-de-maig-de-2024\/","name":"L'Ajuntament exposa l'actualitzaci\u00f3 del projecte de construcci\u00f3 de la nova escola d'Infants de Son Dameto. 27 de maig de 2024. - Patronat Municipal d&#039;Escoles d&#039;Infants de l&#039;Ajuntament de Palma","isPartOf":{"@id":"https:\/\/palmaescolesinfants.cat\/#website"},"primaryImageOfPage":{"@id":"https:\/\/palmaescolesinfants.cat\/es\/sin-categorizar\/lajuntament-exposa-lactualitzacio-del-projecte-de-construccio-de-la-nova-escola-dinfants-de-son-dameto-27-de-maig-de-2024\/#primaryimage"},"image":{"@id":"https:\/\/palmaescolesinfants.cat\/es\/sin-categorizar\/lajuntament-exposa-lactualitzacio-del-projecte-de-construccio-de-la-nova-escola-dinfants-de-son-dameto-27-de-maig-de-2024\/#primaryimage"},"thumbnailUrl":"https:\/\/palmaescolesinfants.cat\/wp-content\/uploads\/2024\/05\/escolasondameto.jpg","datePublished":"2024-05-27T06:31:30+00:00","author":{"@id":"https:\/\/palmaescolesinfants.cat\/#\/schema\/person\/b7d3d394e6927fb89c8803ad82bba416"},"breadcrumb":{"@id":"https:\/\/palmaescolesinfants.cat\/es\/sin-categorizar\/lajuntament-exposa-lactualitzacio-del-projecte-de-construccio-de-la-nova-escola-dinfants-de-son-dameto-27-de-maig-de-2024\/#breadcrumb"},"inLanguage":"es","potentialAction":[{"@type":"ReadAction","target":["https:\/\/palmaescolesinfants.cat\/es\/sin-categorizar\/lajuntament-exposa-lactualitzacio-del-projecte-de-construccio-de-la-nova-escola-dinfants-de-son-dameto-27-de-maig-de-2024\/"]}]},{"@type":"ImageObject","inLanguage":"es","@id":"https:\/\/palmaescolesinfants.cat\/es\/sin-categorizar\/lajuntament-exposa-lactualitzacio-del-projecte-de-construccio-de-la-nova-escola-dinfants-de-son-dameto-27-de-maig-de-2024\/#primaryimage","url":"https:\/\/palmaescolesinfants.cat\/wp-content\/uploads\/2024\/05\/escolasondameto.jpg","contentUrl":"https:\/\/palmaescolesinfants.cat\/wp-content\/uploads\/2024\/05\/escolasondameto.jpg","width":1024,"height":496},{"@type":"BreadcrumbList","@id":"https:\/\/palmaescolesinfants.cat\/es\/sin-categorizar\/lajuntament-exposa-lactualitzacio-del-projecte-de-construccio-de-la-nova-escola-dinfants-de-son-dameto-27-de-maig-de-2024\/#breadcrumb","itemListElement":[{"@type":"ListItem","position":1,"name":"Portada","item":"https:\/\/palmaescolesinfants.cat\/"},{"@type":"ListItem","position":2,"name":"L&#8217;Ajuntament exposa l&#8217;actualitzaci\u00f3 del projecte de construcci\u00f3 de la nova escola d&#8217;Infants de Son Dameto. 27 de maig de 2024."}]},{"@type":"WebSite","@id":"https:\/\/palmaescolesinfants.cat\/#website","url":"https:\/\/palmaescolesinfants.cat\/","name":"Patronat Municipal d&#039;Escoles d&#039;Infants de l&#039;Ajuntament de Palma","description":"L&#039;educaci\u00f3 dels infants \u00e9s el nostre principal objectiu","potentialAction":[{"@type":"SearchAction","target":{"@type":"EntryPoint","urlTemplate":"https:\/\/palmaescolesinfants.cat\/?s={search_term_string}"},"query-input":{"@type":"PropertyValueSpecification","valueRequired":true,"valueName":"search_term_string"}}],"inLanguage":"es"},{"@type":"Person","@id":"https:\/\/palmaescolesinfants.cat\/#\/schema\/person\/b7d3d394e6927fb89c8803ad82bba416","name":"adminsom2","sameAs":["https:\/\/palmaescolesinfants.cat"]}]}},"_links":{"self":[{"href":"https:\/\/palmaescolesinfants.cat\/es\/wp-json\/wp\/v2\/posts\/3999","targetHints":{"allow":["GET"]}}],"collection":[{"href":"https:\/\/palmaescolesinfants.cat\/es\/wp-json\/wp\/v2\/posts"}],"about":[{"href":"https:\/\/palmaescolesinfants.cat\/es\/wp-json\/wp\/v2\/types\/post"}],"author":[{"embeddable":true,"href":"https:\/\/palmaescolesinfants.cat\/es\/wp-json\/wp\/v2\/users\/1"}],"replies":[{"embeddable":true,"href":"https:\/\/palmaescolesinfants.cat\/es\/wp-json\/wp\/v2\/comments?post=3999"}],"version-history":[{"count":0,"href":"https:\/\/palmaescolesinfants.cat\/es\/wp-json\/wp\/v2\/posts\/3999\/revisions"}],"wp:featuredmedia":[{"embeddable":true,"href":"https:\/\/palmaescolesinfants.cat\/es\/wp-json\/wp\/v2\/media\/3990"}],"wp:attachment":[{"href":"https:\/\/palmaescolesinfants.cat\/es\/wp-json\/wp\/v2\/media?parent=3999"}],"wp:term":[{"taxonomy":"category","embeddable":true,"href":"https:\/\/palmaescolesinfants.cat\/es\/wp-json\/wp\/v2\/categories?post=3999"},{"taxonomy":"post_tag","embeddable":true,"href":"https:\/\/palmaescolesinfants.cat\/es\/wp-json\/wp\/v2\/tags?post=3999"}],"curies":[{"name":"wp","href":"https:\/\/api.w.org\/{rel}","templated":true}]}}